{"id":4159,"date":"2024-10-14T10:12:16","date_gmt":"2024-10-14T10:12:16","guid":{"rendered":"https:\/\/ekitermik.com\/?p=4159"},"modified":"2024-10-14T10:12:16","modified_gmt":"2024-10-14T10:12:16","slug":"deducciones-del-irpf-por-la-instalaion-de-placas-solares-en-2024","status":"publish","type":"post","link":"https:\/\/ekitermik.com\/es\/2024\/10\/14\/deducciones-del-irpf-por-la-instalaion-de-placas-solares-en-2024\/","title":{"rendered":"DEDUCCIONES DEL IRPF POR LA INSTALACI\u00d3N DE PLACAS SOLARES EN 2024"},"content":{"rendered":"\n<p>Si has realizado la instalaci\u00f3n de paneles solares entre el 6 de octubre de 2021 y el 31 de diciembre de 2025 y puedes acreditar la mejora en la eficiencia energ\u00e9tica de tu vivienda mediante Certificados de Eficiencia Energ\u00e9tica (uno antes y otro despu\u00e9s de la instalaci\u00f3n), podr\u00edas beneficiarte de deducciones importantes en el IRPF. Seg\u00fan el tipo de obra y la mejora obtenida, la deducci\u00f3n puede ser del 20%, 40% o 60% del coste de la inversi\u00f3n. <\/p>\n\n\n\n<p><strong>\u00bfQui\u00e9n puede solicitar la deducci\u00f3n del IRPF por la instalaci\u00f3n de paneles solares?<\/strong><\/p>\n\n\n\n<p>Cualquier persona f\u00edsica que realice obras en su vivienda principal o en cualquier propiedad que posea puede solicitar la deducci\u00f3n, siempre que estas obras busquen mejorar la eficiencia energ\u00e9tica. Esto incluye no solo viviendas de nueva construcci\u00f3n, sino tambi\u00e9n aquellas ya existentes.<\/p>\n\n\n\n<p>Estas obras deben haberse realizado entre el 6 de octubre de 2021 y el 31 de diciembre de 2025.<\/p>\n\n\n\n<p><strong>Requisitos para acceder a la deducci\u00f3n por la instalaci\u00f3n de placas solares<\/strong><\/p>\n\n\n\n<ul class=\"wp-block-list\">\n<li>Ser propietario de la vivienda, aunque no necesariamente debes residir en ella (puede estar alquilada).<\/li>\n\n\n\n<li>Las obras deben haber sido realizadas entre el 6 de octubre de 2021 y el 31 de diciembre de 2025, y ejecutadas por una empresa autorizada.<\/li>\n\n\n\n<li>Debes demostrar una reducci\u00f3n de al menos el 7% en la demanda de calefacci\u00f3n y refrigeraci\u00f3n de la vivienda tras la instalaci\u00f3n, lo cual se certifica mediante un Certificado de Eficiencia Energ\u00e9tica.<\/li>\n\n\n\n<li>Es necesario contar con un Certificado de Eficiencia Energ\u00e9tica de la vivienda antes de la obra para poder comparar los resultados<\/li>\n<\/ul>\n\n\n\n<p><strong>Tipos de deducciones fiscales por mejoras de eficiencia energ\u00e9tica<\/strong><\/p>\n\n\n\n<p>Hay tres tipos de deducciones posibles, dependiendo de las caracter\u00edsticas de las obras:<\/p>\n\n\n\n<ol class=\"wp-block-list\" start=\"1\">\n<li><strong>Deducci\u00f3n del 20%<\/strong>, con un l\u00edmite de 5.000 euros:\n<ul class=\"wp-block-list\">\n<li>Aplica a obras que reduzcan al menos un 7% la demanda de calefacci\u00f3n y refrigeraci\u00f3n.<\/li>\n\n\n\n<li>Las obras deben haberse realizado entre el 6 de octubre de 2021 y el 31 de diciembre de 2025, y el Certificado de Eficiencia Energ\u00e9tica debe estar emitido antes del 1 de enero de 2026.<\/li>\n<\/ul>\n<\/li>\n\n\n\n<li><strong>Deducci\u00f3n del 40%<\/strong>, con un m\u00e1ximo de 7.500 euros:\n<ul class=\"wp-block-list\">\n<li>Aplica si la reducci\u00f3n en la demanda de calefacci\u00f3n y refrigeraci\u00f3n es de al menos un 30% o si la vivienda obtiene una calificaci\u00f3n energ\u00e9tica A o B.<\/li>\n\n\n\n<li>Los plazos son los mismos: obras entre el 6 de octubre de 2021 y el 31 de diciembre de 2025, y certificado emitido antes de 2026.<\/li>\n<\/ul>\n<\/li>\n\n\n\n<li><strong>Deducci\u00f3n del 60%<\/strong>, con un l\u00edmite de 15.000 euros:\n<ul class=\"wp-block-list\">\n<li>Dirigida a mejoras en edificios residenciales que reduzcan la demanda energ\u00e9tica en al menos un 30% o que obtengan una calificaci\u00f3n energ\u00e9tica A o B.<\/li>\n\n\n\n<li>Las condiciones de plazo y certificado son las mismas.<\/li>\n<\/ul>\n<\/li>\n<\/ol>\n\n\n\n<p>Es fundamental tener en cuenta que para optar a estas deducciones, los Certificados de Eficiencia Energ\u00e9tica deben ser emitidos antes del 1 de enero de 2026.<\/p>\n","protected":false},"excerpt":{"rendered":"<p>Si has realizado la instalaci\u00f3n de paneles solares entre el 6 de octubre de 2021 y el 31 de diciembre de 2025 y puedes acreditar la mejora en la eficiencia&#8230;<\/p>\n","protected":false},"author":1,"featured_media":0,"comment_status":"closed","ping_status":"closed","sticky":false,"template":"","format":"standard","meta":{"footnotes":""},"categories":[13],"tags":[],"class_list":{"0":"post-4159","1":"post","2":"type-post","3":"status-publish","4":"format-standard","6":"category-ayudas-y-subvenciones"},"yoast_head":"<!-- This site is optimized with the Yoast SEO plugin v27.5 - https:\/\/yoast.com\/product\/yoast-seo-wordpress\/ -->\n<title>DEDUCCIONES DEL IRPF POR LA INSTALACI\u00d3N DE PLACAS SOLARES EN 2024 - Ekitermik<\/title>\n<meta name=\"robots\" content=\"index, follow, max-snippet:-1, max-image-preview:large, max-video-preview:-1\" \/>\n<link rel=\"canonical\" href=\"https:\/\/ekitermik.com\/es\/2024\/10\/14\/deducciones-del-irpf-por-la-instalaion-de-placas-solares-en-2024\/\" \/>\n<meta property=\"og:locale\" content=\"es_ES\" \/>\n<meta property=\"og:type\" content=\"article\" \/>\n<meta property=\"og:title\" content=\"DEDUCCIONES DEL IRPF POR LA INSTALACI\u00d3N DE PLACAS SOLARES EN 2024 - Ekitermik\" \/>\n<meta property=\"og:description\" content=\"Si has realizado la instalaci\u00f3n de paneles solares entre el 6 de octubre de 2021 y el 31 de diciembre de 2025 y puedes acreditar la mejora en la eficiencia...\" \/>\n<meta property=\"og:url\" content=\"https:\/\/ekitermik.com\/es\/2024\/10\/14\/deducciones-del-irpf-por-la-instalaion-de-placas-solares-en-2024\/\" \/>\n<meta property=\"og:site_name\" content=\"Ekitermik\" \/>\n<meta property=\"article:published_time\" content=\"2024-10-14T10:12:16+00:00\" \/>\n<meta name=\"author\" content=\"admin\" \/>\n<meta name=\"twitter:card\" content=\"summary_large_image\" \/>\n<meta name=\"twitter:label1\" content=\"Escrito por\" \/>\n\t<meta name=\"twitter:data1\" content=\"admin\" \/>\n\t<meta name=\"twitter:label2\" content=\"Tiempo de lectura\" \/>\n\t<meta name=\"twitter:data2\" content=\"2 minutos\" \/>\n<script type=\"application\/ld+json\" class=\"yoast-schema-graph\">{\"@context\":\"https:\\\/\\\/schema.org\",\"@graph\":[{\"@type\":\"Article\",\"@id\":\"https:\\\/\\\/ekitermik.com\\\/es\\\/2024\\\/10\\\/14\\\/deducciones-del-irpf-por-la-instalaion-de-placas-solares-en-2024\\\/#article\",\"isPartOf\":{\"@id\":\"https:\\\/\\\/ekitermik.com\\\/es\\\/2024\\\/10\\\/14\\\/deducciones-del-irpf-por-la-instalaion-de-placas-solares-en-2024\\\/\"},\"author\":{\"name\":\"admin\",\"@id\":\"https:\\\/\\\/ekitermik.com\\\/es\\\/#\\\/schema\\\/person\\\/b8477a3969d1941eefcb280ed42d38d8\"},\"headline\":\"DEDUCCIONES DEL IRPF POR LA INSTALACI\u00d3N DE PLACAS SOLARES EN 2024\",\"datePublished\":\"2024-10-14T10:12:16+00:00\",\"mainEntityOfPage\":{\"@id\":\"https:\\\/\\\/ekitermik.com\\\/es\\\/2024\\\/10\\\/14\\\/deducciones-del-irpf-por-la-instalaion-de-placas-solares-en-2024\\\/\"},\"wordCount\":489,\"publisher\":{\"@id\":\"https:\\\/\\\/ekitermik.com\\\/es\\\/#organization\"},\"articleSection\":[\"Ayudas y Subvenciones\"],\"inLanguage\":\"es\"},{\"@type\":\"WebPage\",\"@id\":\"https:\\\/\\\/ekitermik.com\\\/es\\\/2024\\\/10\\\/14\\\/deducciones-del-irpf-por-la-instalaion-de-placas-solares-en-2024\\\/\",\"url\":\"https:\\\/\\\/ekitermik.com\\\/es\\\/2024\\\/10\\\/14\\\/deducciones-del-irpf-por-la-instalaion-de-placas-solares-en-2024\\\/\",\"name\":\"DEDUCCIONES DEL IRPF POR LA INSTALACI\u00d3N DE PLACAS SOLARES EN 2024 - Ekitermik\",\"isPartOf\":{\"@id\":\"https:\\\/\\\/ekitermik.com\\\/es\\\/#website\"},\"datePublished\":\"2024-10-14T10:12:16+00:00\",\"breadcrumb\":{\"@id\":\"https:\\\/\\\/ekitermik.com\\\/es\\\/2024\\\/10\\\/14\\\/deducciones-del-irpf-por-la-instalaion-de-placas-solares-en-2024\\\/#breadcrumb\"},\"inLanguage\":\"es\",\"potentialAction\":[{\"@type\":\"ReadAction\",\"target\":[\"https:\\\/\\\/ekitermik.com\\\/es\\\/2024\\\/10\\\/14\\\/deducciones-del-irpf-por-la-instalaion-de-placas-solares-en-2024\\\/\"]}]},{\"@type\":\"BreadcrumbList\",\"@id\":\"https:\\\/\\\/ekitermik.com\\\/es\\\/2024\\\/10\\\/14\\\/deducciones-del-irpf-por-la-instalaion-de-placas-solares-en-2024\\\/#breadcrumb\",\"itemListElement\":[{\"@type\":\"ListItem\",\"position\":1,\"name\":\"Portada\",\"item\":\"https:\\\/\\\/ekitermik.com\\\/es\\\/\"},{\"@type\":\"ListItem\",\"position\":2,\"name\":\"DEDUCCIONES DEL IRPF POR LA INSTALACI\u00d3N DE PLACAS SOLARES EN 2024\"}]},{\"@type\":\"WebSite\",\"@id\":\"https:\\\/\\\/ekitermik.com\\\/es\\\/#website\",\"url\":\"https:\\\/\\\/ekitermik.com\\\/es\\\/\",\"name\":\"Ekitermik\",\"description\":\"Ekitermik analiza energ\u00e9ticamente la vivienda y propone las mejores soluciones para ahorrar energ\u00eda. Soluciones Integrales de Gesti\u00f3n y Ahorro Energ\u00e9tico.\",\"publisher\":{\"@id\":\"https:\\\/\\\/ekitermik.com\\\/es\\\/#organization\"},\"potentialAction\":[{\"@type\":\"SearchAction\",\"target\":{\"@type\":\"EntryPoint\",\"urlTemplate\":\"https:\\\/\\\/ekitermik.com\\\/es\\\/?s={search_term_string}\"},\"query-input\":{\"@type\":\"PropertyValueSpecification\",\"valueRequired\":true,\"valueName\":\"search_term_string\"}}],\"inLanguage\":\"es\"},{\"@type\":\"Organization\",\"@id\":\"https:\\\/\\\/ekitermik.com\\\/es\\\/#organization\",\"name\":\"Ekitermik\",\"url\":\"https:\\\/\\\/ekitermik.com\\\/es\\\/\",\"logo\":{\"@type\":\"ImageObject\",\"inLanguage\":\"es\",\"@id\":\"https:\\\/\\\/ekitermik.com\\\/es\\\/#\\\/schema\\\/logo\\\/image\\\/\",\"url\":\"https:\\\/\\\/staging.ekitermik.com\\\/wp-content\\\/uploads\\\/2026\\\/01\\\/ekitermik-logotipoa.png\",\"contentUrl\":\"https:\\\/\\\/staging.ekitermik.com\\\/wp-content\\\/uploads\\\/2026\\\/01\\\/ekitermik-logotipoa.png\",\"width\":653,\"height\":140,\"caption\":\"Ekitermik\"},\"image\":{\"@id\":\"https:\\\/\\\/ekitermik.com\\\/es\\\/#\\\/schema\\\/logo\\\/image\\\/\"}},{\"@type\":\"Person\",\"@id\":\"https:\\\/\\\/ekitermik.com\\\/es\\\/#\\\/schema\\\/person\\\/b8477a3969d1941eefcb280ed42d38d8\",\"name\":\"admin\",\"image\":{\"@type\":\"ImageObject\",\"inLanguage\":\"es\",\"@id\":\"https:\\\/\\\/secure.gravatar.com\\\/avatar\\\/7da1e9d315d6efc7e0daf5dae6dde9c239689755c4db272cf13fb54e310a24e2?s=96&d=mm&r=g\",\"url\":\"https:\\\/\\\/secure.gravatar.com\\\/avatar\\\/7da1e9d315d6efc7e0daf5dae6dde9c239689755c4db272cf13fb54e310a24e2?s=96&d=mm&r=g\",\"contentUrl\":\"https:\\\/\\\/secure.gravatar.com\\\/avatar\\\/7da1e9d315d6efc7e0daf5dae6dde9c239689755c4db272cf13fb54e310a24e2?s=96&d=mm&r=g\",\"caption\":\"admin\"},\"sameAs\":[\"https:\\\/\\\/staging.ekitermik.com\"],\"url\":\"https:\\\/\\\/ekitermik.com\\\/es\\\/author\\\/admin\\\/\"}]}<\/script>\n<!-- \/ Yoast SEO plugin. -->","yoast_head_json":{"title":"DEDUCCIONES DEL IRPF POR LA INSTALACI\u00d3N DE PLACAS SOLARES EN 2024 - Ekitermik","robots":{"index":"index","follow":"follow","max-snippet":"max-snippet:-1","max-image-preview":"max-image-preview:large","max-video-preview":"max-video-preview:-1"},"canonical":"https:\/\/ekitermik.com\/es\/2024\/10\/14\/deducciones-del-irpf-por-la-instalaion-de-placas-solares-en-2024\/","og_locale":"es_ES","og_type":"article","og_title":"DEDUCCIONES DEL IRPF POR LA INSTALACI\u00d3N DE PLACAS SOLARES EN 2024 - Ekitermik","og_description":"Si has realizado la instalaci\u00f3n de paneles solares entre el 6 de octubre de 2021 y el 31 de diciembre de 2025 y puedes acreditar la mejora en la eficiencia...","og_url":"https:\/\/ekitermik.com\/es\/2024\/10\/14\/deducciones-del-irpf-por-la-instalaion-de-placas-solares-en-2024\/","og_site_name":"Ekitermik","article_published_time":"2024-10-14T10:12:16+00:00","author":"admin","twitter_card":"summary_large_image","twitter_misc":{"Escrito por":"admin","Tiempo de lectura":"2 minutos"},"schema":{"@context":"https:\/\/schema.org","@graph":[{"@type":"Article","@id":"https:\/\/ekitermik.com\/es\/2024\/10\/14\/deducciones-del-irpf-por-la-instalaion-de-placas-solares-en-2024\/#article","isPartOf":{"@id":"https:\/\/ekitermik.com\/es\/2024\/10\/14\/deducciones-del-irpf-por-la-instalaion-de-placas-solares-en-2024\/"},"author":{"name":"admin","@id":"https:\/\/ekitermik.com\/es\/#\/schema\/person\/b8477a3969d1941eefcb280ed42d38d8"},"headline":"DEDUCCIONES DEL IRPF POR LA INSTALACI\u00d3N DE PLACAS SOLARES EN 2024","datePublished":"2024-10-14T10:12:16+00:00","mainEntityOfPage":{"@id":"https:\/\/ekitermik.com\/es\/2024\/10\/14\/deducciones-del-irpf-por-la-instalaion-de-placas-solares-en-2024\/"},"wordCount":489,"publisher":{"@id":"https:\/\/ekitermik.com\/es\/#organization"},"articleSection":["Ayudas y Subvenciones"],"inLanguage":"es"},{"@type":"WebPage","@id":"https:\/\/ekitermik.com\/es\/2024\/10\/14\/deducciones-del-irpf-por-la-instalaion-de-placas-solares-en-2024\/","url":"https:\/\/ekitermik.com\/es\/2024\/10\/14\/deducciones-del-irpf-por-la-instalaion-de-placas-solares-en-2024\/","name":"DEDUCCIONES DEL IRPF POR LA INSTALACI\u00d3N DE PLACAS SOLARES EN 2024 - Ekitermik","isPartOf":{"@id":"https:\/\/ekitermik.com\/es\/#website"},"datePublished":"2024-10-14T10:12:16+00:00","breadcrumb":{"@id":"https:\/\/ekitermik.com\/es\/2024\/10\/14\/deducciones-del-irpf-por-la-instalaion-de-placas-solares-en-2024\/#breadcrumb"},"inLanguage":"es","potentialAction":[{"@type":"ReadAction","target":["https:\/\/ekitermik.com\/es\/2024\/10\/14\/deducciones-del-irpf-por-la-instalaion-de-placas-solares-en-2024\/"]}]},{"@type":"BreadcrumbList","@id":"https:\/\/ekitermik.com\/es\/2024\/10\/14\/deducciones-del-irpf-por-la-instalaion-de-placas-solares-en-2024\/#breadcrumb","itemListElement":[{"@type":"ListItem","position":1,"name":"Portada","item":"https:\/\/ekitermik.com\/es\/"},{"@type":"ListItem","position":2,"name":"DEDUCCIONES DEL IRPF POR LA INSTALACI\u00d3N DE PLACAS SOLARES EN 2024"}]},{"@type":"WebSite","@id":"https:\/\/ekitermik.com\/es\/#website","url":"https:\/\/ekitermik.com\/es\/","name":"Ekitermik","description":"Ekitermik analiza energ\u00e9ticamente la vivienda y propone las mejores soluciones para ahorrar energ\u00eda. Soluciones Integrales de Gesti\u00f3n y Ahorro Energ\u00e9tico.","publisher":{"@id":"https:\/\/ekitermik.com\/es\/#organization"},"potentialAction":[{"@type":"SearchAction","target":{"@type":"EntryPoint","urlTemplate":"https:\/\/ekitermik.com\/es\/?s={search_term_string}"},"query-input":{"@type":"PropertyValueSpecification","valueRequired":true,"valueName":"search_term_string"}}],"inLanguage":"es"},{"@type":"Organization","@id":"https:\/\/ekitermik.com\/es\/#organization","name":"Ekitermik","url":"https:\/\/ekitermik.com\/es\/","logo":{"@type":"ImageObject","inLanguage":"es","@id":"https:\/\/ekitermik.com\/es\/#\/schema\/logo\/image\/","url":"https:\/\/staging.ekitermik.com\/wp-content\/uploads\/2026\/01\/ekitermik-logotipoa.png","contentUrl":"https:\/\/staging.ekitermik.com\/wp-content\/uploads\/2026\/01\/ekitermik-logotipoa.png","width":653,"height":140,"caption":"Ekitermik"},"image":{"@id":"https:\/\/ekitermik.com\/es\/#\/schema\/logo\/image\/"}},{"@type":"Person","@id":"https:\/\/ekitermik.com\/es\/#\/schema\/person\/b8477a3969d1941eefcb280ed42d38d8","name":"admin","image":{"@type":"ImageObject","inLanguage":"es","@id":"https:\/\/secure.gravatar.com\/avatar\/7da1e9d315d6efc7e0daf5dae6dde9c239689755c4db272cf13fb54e310a24e2?s=96&d=mm&r=g","url":"https:\/\/secure.gravatar.com\/avatar\/7da1e9d315d6efc7e0daf5dae6dde9c239689755c4db272cf13fb54e310a24e2?s=96&d=mm&r=g","contentUrl":"https:\/\/secure.gravatar.com\/avatar\/7da1e9d315d6efc7e0daf5dae6dde9c239689755c4db272cf13fb54e310a24e2?s=96&d=mm&r=g","caption":"admin"},"sameAs":["https:\/\/staging.ekitermik.com"],"url":"https:\/\/ekitermik.com\/es\/author\/admin\/"}]}},"_links":{"self":[{"href":"https:\/\/ekitermik.com\/es\/wp-json\/wp\/v2\/posts\/4159","targetHints":{"allow":["GET"]}}],"collection":[{"href":"https:\/\/ekitermik.com\/es\/wp-json\/wp\/v2\/posts"}],"about":[{"href":"https:\/\/ekitermik.com\/es\/wp-json\/wp\/v2\/types\/post"}],"author":[{"embeddable":true,"href":"https:\/\/ekitermik.com\/es\/wp-json\/wp\/v2\/users\/1"}],"replies":[{"embeddable":true,"href":"https:\/\/ekitermik.com\/es\/wp-json\/wp\/v2\/comments?post=4159"}],"version-history":[{"count":0,"href":"https:\/\/ekitermik.com\/es\/wp-json\/wp\/v2\/posts\/4159\/revisions"}],"wp:attachment":[{"href":"https:\/\/ekitermik.com\/es\/wp-json\/wp\/v2\/media?parent=4159"}],"wp:term":[{"taxonomy":"category","embeddable":true,"href":"https:\/\/ekitermik.com\/es\/wp-json\/wp\/v2\/categories?post=4159"},{"taxonomy":"post_tag","embeddable":true,"href":"https:\/\/ekitermik.com\/es\/wp-json\/wp\/v2\/tags?post=4159"}],"curies":[{"name":"wp","href":"https:\/\/api.w.org\/{rel}","templated":true}]}}