{"id":4146,"date":"2024-10-14T09:41:10","date_gmt":"2024-10-14T09:41:10","guid":{"rendered":"https:\/\/ekitermik.com\/?p=4146"},"modified":"2024-10-14T09:41:10","modified_gmt":"2024-10-14T09:41:10","slug":"placas-solares-en-edificios-de-viviendas-video","status":"publish","type":"post","link":"https:\/\/ekitermik.com\/es\/2024\/10\/14\/placas-solares-en-edificios-de-viviendas-video\/","title":{"rendered":"PLACAS SOLARES EN EDIFICIOS DE VIVIENDAS (V\u00cdDEO)"},"content":{"rendered":"\n<p><\/p>\n\n\n\n<p>En la oficina hemos recibido la visita de un grupo de ciudadanos que se han animado a colocar las placas solares. <\/p>\n\n\n\n<p>Para conocer la instalaci\u00f3n y conocer su funcionamiento han tenido la oportunidad de ver la instalaci\u00f3n que acabamos de realizar en el Parque Tecnol\u00f3gico Garaia.<\/p>\n\n\n\n<div style=\"width: 1024px;\" class=\"wp-video\"><video class=\"wp-video-shortcode\" id=\"video-4146-1\" width=\"1024\" height=\"576\" preload=\"metadata\" controls=\"controls\"><source type=\"video\/mp4\" src=\"http:\/\/ekitermik.com\/wp-content\/uploads\/2020\/02\/GOI_proxy_20048401-2.mp4?_=1\" \/><a href=\"http:\/\/ekitermik.com\/wp-content\/uploads\/2020\/02\/GOI_proxy_20048401-2.mp4\">http:\/\/ekitermik.com\/wp-content\/uploads\/2020\/02\/GOI_proxy_20048401-2.mp4<\/a><\/video><\/div>\n","protected":false},"excerpt":{"rendered":"<p>En la oficina hemos recibido la visita de un grupo de ciudadanos que se han animado a colocar las placas solares. Para conocer la instalaci\u00f3n y conocer su funcionamiento han&#8230;<\/p>\n","protected":false},"author":1,"featured_media":3248,"comment_status":"open","ping_status":"open","sticky":false,"template":"","format":"standard","meta":{"footnotes":""},"categories":[12],"tags":[],"class_list":{"0":"post-4146","1":"post","2":"type-post","3":"status-publish","4":"format-standard","5":"has-post-thumbnail","7":"category-energias-renovables"},"yoast_head":"<!-- This site is optimized with the Yoast SEO plugin v27.5 - https:\/\/yoast.com\/product\/yoast-seo-wordpress\/ -->\n<title>PLACAS SOLARES EN EDIFICIOS DE VIVIENDAS (V\u00cdDEO) - Ekitermik<\/title>\n<meta name=\"robots\" content=\"index, follow, max-snippet:-1, max-image-preview:large, max-video-preview:-1\" \/>\n<link rel=\"canonical\" href=\"https:\/\/ekitermik.com\/es\/2024\/10\/14\/placas-solares-en-edificios-de-viviendas-video\/\" \/>\n<meta property=\"og:locale\" content=\"es_ES\" \/>\n<meta property=\"og:type\" content=\"article\" \/>\n<meta property=\"og:title\" content=\"PLACAS SOLARES EN EDIFICIOS DE VIVIENDAS (V\u00cdDEO) - Ekitermik\" \/>\n<meta property=\"og:description\" content=\"En la oficina hemos recibido la visita de un grupo de ciudadanos que se han animado a colocar las placas solares. Para conocer la instalaci\u00f3n y conocer su funcionamiento han...\" \/>\n<meta property=\"og:url\" content=\"https:\/\/ekitermik.com\/es\/2024\/10\/14\/placas-solares-en-edificios-de-viviendas-video\/\" \/>\n<meta property=\"og:site_name\" content=\"Ekitermik\" \/>\n<meta property=\"article:published_time\" content=\"2024-10-14T09:41:10+00:00\" \/>\n<meta property=\"og:image\" content=\"https:\/\/ekitermik.com\/wp-content\/uploads\/2020\/02\/FV-scaled.jpg\" \/>\n\t<meta property=\"og:image:width\" content=\"2560\" \/>\n\t<meta property=\"og:image:height\" content=\"1258\" \/>\n\t<meta property=\"og:image:type\" content=\"image\/jpeg\" \/>\n<meta name=\"author\" content=\"admin\" \/>\n<meta name=\"twitter:card\" content=\"summary_large_image\" \/>\n<meta name=\"twitter:label1\" content=\"Escrito por\" \/>\n\t<meta name=\"twitter:data1\" content=\"admin\" \/>\n<script type=\"application\/ld+json\" class=\"yoast-schema-graph\">{\"@context\":\"https:\\\/\\\/schema.org\",\"@graph\":[{\"@type\":\"Article\",\"@id\":\"https:\\\/\\\/ekitermik.com\\\/es\\\/2024\\\/10\\\/14\\\/placas-solares-en-edificios-de-viviendas-video\\\/#article\",\"isPartOf\":{\"@id\":\"https:\\\/\\\/ekitermik.com\\\/es\\\/2024\\\/10\\\/14\\\/placas-solares-en-edificios-de-viviendas-video\\\/\"},\"author\":{\"name\":\"admin\",\"@id\":\"https:\\\/\\\/ekitermik.com\\\/es\\\/#\\\/schema\\\/person\\\/b8477a3969d1941eefcb280ed42d38d8\"},\"headline\":\"PLACAS SOLARES EN EDIFICIOS DE VIVIENDAS (V\u00cdDEO)\",\"datePublished\":\"2024-10-14T09:41:10+00:00\",\"mainEntityOfPage\":{\"@id\":\"https:\\\/\\\/ekitermik.com\\\/es\\\/2024\\\/10\\\/14\\\/placas-solares-en-edificios-de-viviendas-video\\\/\"},\"wordCount\":71,\"commentCount\":0,\"publisher\":{\"@id\":\"https:\\\/\\\/ekitermik.com\\\/es\\\/#organization\"},\"image\":{\"@id\":\"https:\\\/\\\/ekitermik.com\\\/es\\\/2024\\\/10\\\/14\\\/placas-solares-en-edificios-de-viviendas-video\\\/#primaryimage\"},\"thumbnailUrl\":\"https:\\\/\\\/ekitermik.com\\\/wp-content\\\/uploads\\\/2020\\\/02\\\/FV-scaled.jpg\",\"articleSection\":[\"Energ\u00edas renovables\"],\"inLanguage\":\"es\",\"potentialAction\":[{\"@type\":\"CommentAction\",\"name\":\"Comment\",\"target\":[\"https:\\\/\\\/ekitermik.com\\\/es\\\/2024\\\/10\\\/14\\\/placas-solares-en-edificios-de-viviendas-video\\\/#respond\"]}]},{\"@type\":\"WebPage\",\"@id\":\"https:\\\/\\\/ekitermik.com\\\/es\\\/2024\\\/10\\\/14\\\/placas-solares-en-edificios-de-viviendas-video\\\/\",\"url\":\"https:\\\/\\\/ekitermik.com\\\/es\\\/2024\\\/10\\\/14\\\/placas-solares-en-edificios-de-viviendas-video\\\/\",\"name\":\"PLACAS SOLARES EN EDIFICIOS DE VIVIENDAS (V\u00cdDEO) - Ekitermik\",\"isPartOf\":{\"@id\":\"https:\\\/\\\/ekitermik.com\\\/es\\\/#website\"},\"primaryImageOfPage\":{\"@id\":\"https:\\\/\\\/ekitermik.com\\\/es\\\/2024\\\/10\\\/14\\\/placas-solares-en-edificios-de-viviendas-video\\\/#primaryimage\"},\"image\":{\"@id\":\"https:\\\/\\\/ekitermik.com\\\/es\\\/2024\\\/10\\\/14\\\/placas-solares-en-edificios-de-viviendas-video\\\/#primaryimage\"},\"thumbnailUrl\":\"https:\\\/\\\/ekitermik.com\\\/wp-content\\\/uploads\\\/2020\\\/02\\\/FV-scaled.jpg\",\"datePublished\":\"2024-10-14T09:41:10+00:00\",\"breadcrumb\":{\"@id\":\"https:\\\/\\\/ekitermik.com\\\/es\\\/2024\\\/10\\\/14\\\/placas-solares-en-edificios-de-viviendas-video\\\/#breadcrumb\"},\"inLanguage\":\"es\",\"potentialAction\":[{\"@type\":\"ReadAction\",\"target\":[\"https:\\\/\\\/ekitermik.com\\\/es\\\/2024\\\/10\\\/14\\\/placas-solares-en-edificios-de-viviendas-video\\\/\"]}]},{\"@type\":\"ImageObject\",\"inLanguage\":\"es\",\"@id\":\"https:\\\/\\\/ekitermik.com\\\/es\\\/2024\\\/10\\\/14\\\/placas-solares-en-edificios-de-viviendas-video\\\/#primaryimage\",\"url\":\"https:\\\/\\\/ekitermik.com\\\/wp-content\\\/uploads\\\/2020\\\/02\\\/FV-scaled.jpg\",\"contentUrl\":\"https:\\\/\\\/ekitermik.com\\\/wp-content\\\/uploads\\\/2020\\\/02\\\/FV-scaled.jpg\",\"width\":2560,\"height\":1258},{\"@type\":\"BreadcrumbList\",\"@id\":\"https:\\\/\\\/ekitermik.com\\\/es\\\/2024\\\/10\\\/14\\\/placas-solares-en-edificios-de-viviendas-video\\\/#breadcrumb\",\"itemListElement\":[{\"@type\":\"ListItem\",\"position\":1,\"name\":\"Portada\",\"item\":\"https:\\\/\\\/ekitermik.com\\\/es\\\/\"},{\"@type\":\"ListItem\",\"position\":2,\"name\":\"PLACAS SOLARES EN EDIFICIOS DE VIVIENDAS (V\u00cdDEO)\"}]},{\"@type\":\"WebSite\",\"@id\":\"https:\\\/\\\/ekitermik.com\\\/es\\\/#website\",\"url\":\"https:\\\/\\\/ekitermik.com\\\/es\\\/\",\"name\":\"Ekitermik\",\"description\":\"Ekitermik analiza energ\u00e9ticamente la vivienda y propone las mejores soluciones para ahorrar energ\u00eda. Soluciones Integrales de Gesti\u00f3n y Ahorro Energ\u00e9tico.\",\"publisher\":{\"@id\":\"https:\\\/\\\/ekitermik.com\\\/es\\\/#organization\"},\"potentialAction\":[{\"@type\":\"SearchAction\",\"target\":{\"@type\":\"EntryPoint\",\"urlTemplate\":\"https:\\\/\\\/ekitermik.com\\\/es\\\/?s={search_term_string}\"},\"query-input\":{\"@type\":\"PropertyValueSpecification\",\"valueRequired\":true,\"valueName\":\"search_term_string\"}}],\"inLanguage\":\"es\"},{\"@type\":\"Organization\",\"@id\":\"https:\\\/\\\/ekitermik.com\\\/es\\\/#organization\",\"name\":\"Ekitermik\",\"url\":\"https:\\\/\\\/ekitermik.com\\\/es\\\/\",\"logo\":{\"@type\":\"ImageObject\",\"inLanguage\":\"es\",\"@id\":\"https:\\\/\\\/ekitermik.com\\\/es\\\/#\\\/schema\\\/logo\\\/image\\\/\",\"url\":\"https:\\\/\\\/staging.ekitermik.com\\\/wp-content\\\/uploads\\\/2026\\\/01\\\/ekitermik-logotipoa.png\",\"contentUrl\":\"https:\\\/\\\/staging.ekitermik.com\\\/wp-content\\\/uploads\\\/2026\\\/01\\\/ekitermik-logotipoa.png\",\"width\":653,\"height\":140,\"caption\":\"Ekitermik\"},\"image\":{\"@id\":\"https:\\\/\\\/ekitermik.com\\\/es\\\/#\\\/schema\\\/logo\\\/image\\\/\"}},{\"@type\":\"Person\",\"@id\":\"https:\\\/\\\/ekitermik.com\\\/es\\\/#\\\/schema\\\/person\\\/b8477a3969d1941eefcb280ed42d38d8\",\"name\":\"admin\",\"image\":{\"@type\":\"ImageObject\",\"inLanguage\":\"es\",\"@id\":\"https:\\\/\\\/secure.gravatar.com\\\/avatar\\\/7da1e9d315d6efc7e0daf5dae6dde9c239689755c4db272cf13fb54e310a24e2?s=96&d=mm&r=g\",\"url\":\"https:\\\/\\\/secure.gravatar.com\\\/avatar\\\/7da1e9d315d6efc7e0daf5dae6dde9c239689755c4db272cf13fb54e310a24e2?s=96&d=mm&r=g\",\"contentUrl\":\"https:\\\/\\\/secure.gravatar.com\\\/avatar\\\/7da1e9d315d6efc7e0daf5dae6dde9c239689755c4db272cf13fb54e310a24e2?s=96&d=mm&r=g\",\"caption\":\"admin\"},\"sameAs\":[\"https:\\\/\\\/staging.ekitermik.com\"],\"url\":\"https:\\\/\\\/ekitermik.com\\\/es\\\/author\\\/admin\\\/\"}]}<\/script>\n<!-- \/ Yoast SEO plugin. -->","yoast_head_json":{"title":"PLACAS SOLARES EN EDIFICIOS DE VIVIENDAS (V\u00cdDEO) - Ekitermik","robots":{"index":"index","follow":"follow","max-snippet":"max-snippet:-1","max-image-preview":"max-image-preview:large","max-video-preview":"max-video-preview:-1"},"canonical":"https:\/\/ekitermik.com\/es\/2024\/10\/14\/placas-solares-en-edificios-de-viviendas-video\/","og_locale":"es_ES","og_type":"article","og_title":"PLACAS SOLARES EN EDIFICIOS DE VIVIENDAS (V\u00cdDEO) - Ekitermik","og_description":"En la oficina hemos recibido la visita de un grupo de ciudadanos que se han animado a colocar las placas solares. Para conocer la instalaci\u00f3n y conocer su funcionamiento han...","og_url":"https:\/\/ekitermik.com\/es\/2024\/10\/14\/placas-solares-en-edificios-de-viviendas-video\/","og_site_name":"Ekitermik","article_published_time":"2024-10-14T09:41:10+00:00","og_image":[{"width":2560,"height":1258,"url":"https:\/\/ekitermik.com\/wp-content\/uploads\/2020\/02\/FV-scaled.jpg","type":"image\/jpeg"}],"author":"admin","twitter_card":"summary_large_image","twitter_misc":{"Escrito por":"admin"},"schema":{"@context":"https:\/\/schema.org","@graph":[{"@type":"Article","@id":"https:\/\/ekitermik.com\/es\/2024\/10\/14\/placas-solares-en-edificios-de-viviendas-video\/#article","isPartOf":{"@id":"https:\/\/ekitermik.com\/es\/2024\/10\/14\/placas-solares-en-edificios-de-viviendas-video\/"},"author":{"name":"admin","@id":"https:\/\/ekitermik.com\/es\/#\/schema\/person\/b8477a3969d1941eefcb280ed42d38d8"},"headline":"PLACAS SOLARES EN EDIFICIOS DE VIVIENDAS (V\u00cdDEO)","datePublished":"2024-10-14T09:41:10+00:00","mainEntityOfPage":{"@id":"https:\/\/ekitermik.com\/es\/2024\/10\/14\/placas-solares-en-edificios-de-viviendas-video\/"},"wordCount":71,"commentCount":0,"publisher":{"@id":"https:\/\/ekitermik.com\/es\/#organization"},"image":{"@id":"https:\/\/ekitermik.com\/es\/2024\/10\/14\/placas-solares-en-edificios-de-viviendas-video\/#primaryimage"},"thumbnailUrl":"https:\/\/ekitermik.com\/wp-content\/uploads\/2020\/02\/FV-scaled.jpg","articleSection":["Energ\u00edas renovables"],"inLanguage":"es","potentialAction":[{"@type":"CommentAction","name":"Comment","target":["https:\/\/ekitermik.com\/es\/2024\/10\/14\/placas-solares-en-edificios-de-viviendas-video\/#respond"]}]},{"@type":"WebPage","@id":"https:\/\/ekitermik.com\/es\/2024\/10\/14\/placas-solares-en-edificios-de-viviendas-video\/","url":"https:\/\/ekitermik.com\/es\/2024\/10\/14\/placas-solares-en-edificios-de-viviendas-video\/","name":"PLACAS SOLARES EN EDIFICIOS DE VIVIENDAS (V\u00cdDEO) - Ekitermik","isPartOf":{"@id":"https:\/\/ekitermik.com\/es\/#website"},"primaryImageOfPage":{"@id":"https:\/\/ekitermik.com\/es\/2024\/10\/14\/placas-solares-en-edificios-de-viviendas-video\/#primaryimage"},"image":{"@id":"https:\/\/ekitermik.com\/es\/2024\/10\/14\/placas-solares-en-edificios-de-viviendas-video\/#primaryimage"},"thumbnailUrl":"https:\/\/ekitermik.com\/wp-content\/uploads\/2020\/02\/FV-scaled.jpg","datePublished":"2024-10-14T09:41:10+00:00","breadcrumb":{"@id":"https:\/\/ekitermik.com\/es\/2024\/10\/14\/placas-solares-en-edificios-de-viviendas-video\/#breadcrumb"},"inLanguage":"es","potentialAction":[{"@type":"ReadAction","target":["https:\/\/ekitermik.com\/es\/2024\/10\/14\/placas-solares-en-edificios-de-viviendas-video\/"]}]},{"@type":"ImageObject","inLanguage":"es","@id":"https:\/\/ekitermik.com\/es\/2024\/10\/14\/placas-solares-en-edificios-de-viviendas-video\/#primaryimage","url":"https:\/\/ekitermik.com\/wp-content\/uploads\/2020\/02\/FV-scaled.jpg","contentUrl":"https:\/\/ekitermik.com\/wp-content\/uploads\/2020\/02\/FV-scaled.jpg","width":2560,"height":1258},{"@type":"BreadcrumbList","@id":"https:\/\/ekitermik.com\/es\/2024\/10\/14\/placas-solares-en-edificios-de-viviendas-video\/#breadcrumb","itemListElement":[{"@type":"ListItem","position":1,"name":"Portada","item":"https:\/\/ekitermik.com\/es\/"},{"@type":"ListItem","position":2,"name":"PLACAS SOLARES EN EDIFICIOS DE VIVIENDAS (V\u00cdDEO)"}]},{"@type":"WebSite","@id":"https:\/\/ekitermik.com\/es\/#website","url":"https:\/\/ekitermik.com\/es\/","name":"Ekitermik","description":"Ekitermik analiza energ\u00e9ticamente la vivienda y propone las mejores soluciones para ahorrar energ\u00eda. Soluciones Integrales de Gesti\u00f3n y Ahorro Energ\u00e9tico.","publisher":{"@id":"https:\/\/ekitermik.com\/es\/#organization"},"potentialAction":[{"@type":"SearchAction","target":{"@type":"EntryPoint","urlTemplate":"https:\/\/ekitermik.com\/es\/?s={search_term_string}"},"query-input":{"@type":"PropertyValueSpecification","valueRequired":true,"valueName":"search_term_string"}}],"inLanguage":"es"},{"@type":"Organization","@id":"https:\/\/ekitermik.com\/es\/#organization","name":"Ekitermik","url":"https:\/\/ekitermik.com\/es\/","logo":{"@type":"ImageObject","inLanguage":"es","@id":"https:\/\/ekitermik.com\/es\/#\/schema\/logo\/image\/","url":"https:\/\/staging.ekitermik.com\/wp-content\/uploads\/2026\/01\/ekitermik-logotipoa.png","contentUrl":"https:\/\/staging.ekitermik.com\/wp-content\/uploads\/2026\/01\/ekitermik-logotipoa.png","width":653,"height":140,"caption":"Ekitermik"},"image":{"@id":"https:\/\/ekitermik.com\/es\/#\/schema\/logo\/image\/"}},{"@type":"Person","@id":"https:\/\/ekitermik.com\/es\/#\/schema\/person\/b8477a3969d1941eefcb280ed42d38d8","name":"admin","image":{"@type":"ImageObject","inLanguage":"es","@id":"https:\/\/secure.gravatar.com\/avatar\/7da1e9d315d6efc7e0daf5dae6dde9c239689755c4db272cf13fb54e310a24e2?s=96&d=mm&r=g","url":"https:\/\/secure.gravatar.com\/avatar\/7da1e9d315d6efc7e0daf5dae6dde9c239689755c4db272cf13fb54e310a24e2?s=96&d=mm&r=g","contentUrl":"https:\/\/secure.gravatar.com\/avatar\/7da1e9d315d6efc7e0daf5dae6dde9c239689755c4db272cf13fb54e310a24e2?s=96&d=mm&r=g","caption":"admin"},"sameAs":["https:\/\/staging.ekitermik.com"],"url":"https:\/\/ekitermik.com\/es\/author\/admin\/"}]}},"_links":{"self":[{"href":"https:\/\/ekitermik.com\/es\/wp-json\/wp\/v2\/posts\/4146","targetHints":{"allow":["GET"]}}],"collection":[{"href":"https:\/\/ekitermik.com\/es\/wp-json\/wp\/v2\/posts"}],"about":[{"href":"https:\/\/ekitermik.com\/es\/wp-json\/wp\/v2\/types\/post"}],"author":[{"embeddable":true,"href":"https:\/\/ekitermik.com\/es\/wp-json\/wp\/v2\/users\/1"}],"replies":[{"embeddable":true,"href":"https:\/\/ekitermik.com\/es\/wp-json\/wp\/v2\/comments?post=4146"}],"version-history":[{"count":0,"href":"https:\/\/ekitermik.com\/es\/wp-json\/wp\/v2\/posts\/4146\/revisions"}],"wp:featuredmedia":[{"embeddable":true,"href":"https:\/\/ekitermik.com\/es\/wp-json\/wp\/v2\/media\/3248"}],"wp:attachment":[{"href":"https:\/\/ekitermik.com\/es\/wp-json\/wp\/v2\/media?parent=4146"}],"wp:term":[{"taxonomy":"category","embeddable":true,"href":"https:\/\/ekitermik.com\/es\/wp-json\/wp\/v2\/categories?post=4146"},{"taxonomy":"post_tag","embeddable":true,"href":"https:\/\/ekitermik.com\/es\/wp-json\/wp\/v2\/tags?post=4146"}],"curies":[{"name":"wp","href":"https:\/\/api.w.org\/{rel}","templated":true}]}}