{"id":4125,"date":"2024-10-14T06:54:52","date_gmt":"2024-10-14T06:54:52","guid":{"rendered":"https:\/\/ekitermik.com\/?p=4125"},"modified":"2024-10-14T06:54:52","modified_gmt":"2024-10-14T06:54:52","slug":"el-gobierno-vasco-aprueba-la-ley-de-transicion-energetica-y-cambio-climatico-ante-la-emergencia-climatica","status":"publish","type":"post","link":"https:\/\/ekitermik.com\/es\/2024\/10\/14\/el-gobierno-vasco-aprueba-la-ley-de-transicion-energetica-y-cambio-climatico-ante-la-emergencia-climatica\/","title":{"rendered":"EL GOBIERNO VASCO APRUEBA LA LEY DE TRANSICI\u00d3N ENERG\u00c9TICA Y CAMBIO CLIMATICO ANTE LA EMERGENCIA CLIM\u00c1TICA"},"content":{"rendered":"\n<p><\/p>\n\n\n\n<p>El Gobierno Vasco acaba de aprobar la Ley de Transici\u00f3n energ\u00e9tica y Cambio Clim\u00e1tico para hacer frente a la emergencia clim\u00e1tica, cuyo objetivo es que en 2050 las emisiones de carbono sean cero. En este camino de transici\u00f3n, Debagoiena ya ha comenzado a trabajar y la revista PUTUA lo ha hecho saber. <\/p>\n\n\n\n<p>El cambio clim\u00e1tico es cada vez mas evidente y es el principal s\u00edntoma de nuestro modelo productico. Euskal Herria es un pa\u00eds desarrollado e industrial, y eso tiene una contrapartida. Las emisiones de CO2 de los vascos son muy altas con respecto al resto de poblaci\u00f3n (concretamente, 8,53 toneladas de CO2\/a\u00f1o en Alto Deba).<\/p>\n\n\n\n<p>Conscientes de las consecuencias de este modelo de consumo, han llegado nuevas leyes con planes de acci\u00f3n. A pesar de ello, hay proyectos que ya est\u00e1n en marcha con anterioridad. <\/p>\n\n\n\n<p>En todo esto, desde Ekitermik estamos midiendo la huella de carbono de los eventos. Seg\u00fan ha explicado Xabier Lizaurre, \u00abel objetivo es conocer que huella de carbono se genera a lo largo de a\u00f1o en eventos organizados tanto a nivel empresarial como de otras asociaciones y agentes, y despu\u00e9s ponerlos a disposici\u00f3n de los organizadores para que tomen nuevas medidas de cara a futuros eventos. De la misma manera, a la persona que asiste al acto se le puede indicar la pista que ha generado para acudir al mismo: si ha acudido al servicio publico, en coche, andando&#8230; As\u00ed, este proyecto esta directamente relacionado con la Ley de Transici\u00f3n, que obliga a las empresas de mas de 250 trabajadores a analizar cual es su huella de carbono, y este proyecto puede ser ayuda para ellos\u00bb<\/p>\n\n\n\n<p>El objetivo principal es la concienciaci\u00f3n. Recoger los resultados de un estudio de este tipo de huellas de carbono, ser consciente del consumo actual y dise\u00f1ar planes de acci\u00f3n para reducir las emisiones.<\/p>\n","protected":false},"excerpt":{"rendered":"<p>El Gobierno Vasco acaba de aprobar la Ley de Transici\u00f3n energ\u00e9tica y Cambio Clim\u00e1tico para hacer frente a la emergencia clim\u00e1tica, cuyo objetivo es que en 2050 las emisiones de&#8230;<\/p>\n","protected":false},"author":1,"featured_media":4110,"comment_status":"closed","ping_status":"closed","sticky":true,"template":"","format":"standard","meta":{"footnotes":""},"categories":[6],"tags":[],"class_list":{"0":"post-4125","1":"post","2":"type-post","3":"status-publish","4":"format-standard","5":"has-post-thumbnail","7":"category-ekitermik-es"},"yoast_head":"<!-- This site is optimized with the Yoast SEO plugin v27.5 - https:\/\/yoast.com\/product\/yoast-seo-wordpress\/ -->\n<title>EL GOBIERNO VASCO APRUEBA LA LEY DE TRANSICI\u00d3N ENERG\u00c9TICA Y CAMBIO CLIMATICO ANTE LA EMERGENCIA CLIM\u00c1TICA - Ekitermik<\/title>\n<meta name=\"robots\" content=\"index, follow, max-snippet:-1, max-image-preview:large, max-video-preview:-1\" \/>\n<link rel=\"canonical\" href=\"https:\/\/ekitermik.com\/es\/2024\/10\/14\/el-gobierno-vasco-aprueba-la-ley-de-transicion-energetica-y-cambio-climatico-ante-la-emergencia-climatica\/\" \/>\n<meta property=\"og:locale\" content=\"es_ES\" \/>\n<meta property=\"og:type\" content=\"article\" \/>\n<meta property=\"og:title\" content=\"EL GOBIERNO VASCO APRUEBA LA LEY DE TRANSICI\u00d3N ENERG\u00c9TICA Y CAMBIO CLIMATICO ANTE LA EMERGENCIA CLIM\u00c1TICA - Ekitermik\" \/>\n<meta property=\"og:description\" content=\"El Gobierno Vasco acaba de aprobar la Ley de Transici\u00f3n energ\u00e9tica y Cambio Clim\u00e1tico para hacer frente a la emergencia clim\u00e1tica, cuyo objetivo es que en 2050 las emisiones de...\" \/>\n<meta property=\"og:url\" content=\"https:\/\/ekitermik.com\/es\/2024\/10\/14\/el-gobierno-vasco-aprueba-la-ley-de-transicion-energetica-y-cambio-climatico-ante-la-emergencia-climatica\/\" \/>\n<meta property=\"og:site_name\" content=\"Ekitermik\" \/>\n<meta property=\"article:published_time\" content=\"2024-10-14T06:54:52+00:00\" \/>\n<meta property=\"og:image\" content=\"https:\/\/ekitermik.com\/wp-content\/uploads\/2024\/10\/Captura-de-pantalla-2024-10-10-091816.png\" \/>\n\t<meta property=\"og:image:width\" content=\"671\" \/>\n\t<meta property=\"og:image:height\" content=\"517\" \/>\n\t<meta property=\"og:image:type\" content=\"image\/png\" \/>\n<meta name=\"author\" content=\"admin\" \/>\n<meta name=\"twitter:card\" content=\"summary_large_image\" \/>\n<meta name=\"twitter:label1\" content=\"Escrito por\" \/>\n\t<meta name=\"twitter:data1\" content=\"admin\" \/>\n\t<meta name=\"twitter:label2\" content=\"Tiempo de lectura\" \/>\n\t<meta name=\"twitter:data2\" content=\"2 minutos\" \/>\n<script type=\"application\/ld+json\" class=\"yoast-schema-graph\">{\"@context\":\"https:\\\/\\\/schema.org\",\"@graph\":[{\"@type\":\"Article\",\"@id\":\"https:\\\/\\\/ekitermik.com\\\/es\\\/2024\\\/10\\\/14\\\/el-gobierno-vasco-aprueba-la-ley-de-transicion-energetica-y-cambio-climatico-ante-la-emergencia-climatica\\\/#article\",\"isPartOf\":{\"@id\":\"https:\\\/\\\/ekitermik.com\\\/es\\\/2024\\\/10\\\/14\\\/el-gobierno-vasco-aprueba-la-ley-de-transicion-energetica-y-cambio-climatico-ante-la-emergencia-climatica\\\/\"},\"author\":{\"name\":\"admin\",\"@id\":\"https:\\\/\\\/ekitermik.com\\\/es\\\/#\\\/schema\\\/person\\\/b8477a3969d1941eefcb280ed42d38d8\"},\"headline\":\"EL GOBIERNO VASCO APRUEBA LA LEY DE TRANSICI\u00d3N ENERG\u00c9TICA Y CAMBIO CLIMATICO ANTE LA EMERGENCIA CLIM\u00c1TICA\",\"datePublished\":\"2024-10-14T06:54:52+00:00\",\"mainEntityOfPage\":{\"@id\":\"https:\\\/\\\/ekitermik.com\\\/es\\\/2024\\\/10\\\/14\\\/el-gobierno-vasco-aprueba-la-ley-de-transicion-energetica-y-cambio-climatico-ante-la-emergencia-climatica\\\/\"},\"wordCount\":341,\"publisher\":{\"@id\":\"https:\\\/\\\/ekitermik.com\\\/es\\\/#organization\"},\"image\":{\"@id\":\"https:\\\/\\\/ekitermik.com\\\/es\\\/2024\\\/10\\\/14\\\/el-gobierno-vasco-aprueba-la-ley-de-transicion-energetica-y-cambio-climatico-ante-la-emergencia-climatica\\\/#primaryimage\"},\"thumbnailUrl\":\"https:\\\/\\\/ekitermik.com\\\/wp-content\\\/uploads\\\/2024\\\/10\\\/Captura-de-pantalla-2024-10-10-091816.png\",\"articleSection\":[\"Ekitermik\"],\"inLanguage\":\"es\"},{\"@type\":\"WebPage\",\"@id\":\"https:\\\/\\\/ekitermik.com\\\/es\\\/2024\\\/10\\\/14\\\/el-gobierno-vasco-aprueba-la-ley-de-transicion-energetica-y-cambio-climatico-ante-la-emergencia-climatica\\\/\",\"url\":\"https:\\\/\\\/ekitermik.com\\\/es\\\/2024\\\/10\\\/14\\\/el-gobierno-vasco-aprueba-la-ley-de-transicion-energetica-y-cambio-climatico-ante-la-emergencia-climatica\\\/\",\"name\":\"EL GOBIERNO VASCO APRUEBA LA LEY DE TRANSICI\u00d3N ENERG\u00c9TICA Y CAMBIO CLIMATICO ANTE LA EMERGENCIA CLIM\u00c1TICA - Ekitermik\",\"isPartOf\":{\"@id\":\"https:\\\/\\\/ekitermik.com\\\/es\\\/#website\"},\"primaryImageOfPage\":{\"@id\":\"https:\\\/\\\/ekitermik.com\\\/es\\\/2024\\\/10\\\/14\\\/el-gobierno-vasco-aprueba-la-ley-de-transicion-energetica-y-cambio-climatico-ante-la-emergencia-climatica\\\/#primaryimage\"},\"image\":{\"@id\":\"https:\\\/\\\/ekitermik.com\\\/es\\\/2024\\\/10\\\/14\\\/el-gobierno-vasco-aprueba-la-ley-de-transicion-energetica-y-cambio-climatico-ante-la-emergencia-climatica\\\/#primaryimage\"},\"thumbnailUrl\":\"https:\\\/\\\/ekitermik.com\\\/wp-content\\\/uploads\\\/2024\\\/10\\\/Captura-de-pantalla-2024-10-10-091816.png\",\"datePublished\":\"2024-10-14T06:54:52+00:00\",\"breadcrumb\":{\"@id\":\"https:\\\/\\\/ekitermik.com\\\/es\\\/2024\\\/10\\\/14\\\/el-gobierno-vasco-aprueba-la-ley-de-transicion-energetica-y-cambio-climatico-ante-la-emergencia-climatica\\\/#breadcrumb\"},\"inLanguage\":\"es\",\"potentialAction\":[{\"@type\":\"ReadAction\",\"target\":[\"https:\\\/\\\/ekitermik.com\\\/es\\\/2024\\\/10\\\/14\\\/el-gobierno-vasco-aprueba-la-ley-de-transicion-energetica-y-cambio-climatico-ante-la-emergencia-climatica\\\/\"]}]},{\"@type\":\"ImageObject\",\"inLanguage\":\"es\",\"@id\":\"https:\\\/\\\/ekitermik.com\\\/es\\\/2024\\\/10\\\/14\\\/el-gobierno-vasco-aprueba-la-ley-de-transicion-energetica-y-cambio-climatico-ante-la-emergencia-climatica\\\/#primaryimage\",\"url\":\"https:\\\/\\\/ekitermik.com\\\/wp-content\\\/uploads\\\/2024\\\/10\\\/Captura-de-pantalla-2024-10-10-091816.png\",\"contentUrl\":\"https:\\\/\\\/ekitermik.com\\\/wp-content\\\/uploads\\\/2024\\\/10\\\/Captura-de-pantalla-2024-10-10-091816.png\",\"width\":671,\"height\":517},{\"@type\":\"BreadcrumbList\",\"@id\":\"https:\\\/\\\/ekitermik.com\\\/es\\\/2024\\\/10\\\/14\\\/el-gobierno-vasco-aprueba-la-ley-de-transicion-energetica-y-cambio-climatico-ante-la-emergencia-climatica\\\/#breadcrumb\",\"itemListElement\":[{\"@type\":\"ListItem\",\"position\":1,\"name\":\"Portada\",\"item\":\"https:\\\/\\\/ekitermik.com\\\/es\\\/\"},{\"@type\":\"ListItem\",\"position\":2,\"name\":\"EL GOBIERNO VASCO APRUEBA LA LEY DE TRANSICI\u00d3N ENERG\u00c9TICA Y CAMBIO CLIMATICO ANTE LA EMERGENCIA CLIM\u00c1TICA\"}]},{\"@type\":\"WebSite\",\"@id\":\"https:\\\/\\\/ekitermik.com\\\/es\\\/#website\",\"url\":\"https:\\\/\\\/ekitermik.com\\\/es\\\/\",\"name\":\"Ekitermik\",\"description\":\"Ekitermik analiza energ\u00e9ticamente la vivienda y propone las mejores soluciones para ahorrar energ\u00eda. Soluciones Integrales de Gesti\u00f3n y Ahorro Energ\u00e9tico.\",\"publisher\":{\"@id\":\"https:\\\/\\\/ekitermik.com\\\/es\\\/#organization\"},\"potentialAction\":[{\"@type\":\"SearchAction\",\"target\":{\"@type\":\"EntryPoint\",\"urlTemplate\":\"https:\\\/\\\/ekitermik.com\\\/es\\\/?s={search_term_string}\"},\"query-input\":{\"@type\":\"PropertyValueSpecification\",\"valueRequired\":true,\"valueName\":\"search_term_string\"}}],\"inLanguage\":\"es\"},{\"@type\":\"Organization\",\"@id\":\"https:\\\/\\\/ekitermik.com\\\/es\\\/#organization\",\"name\":\"Ekitermik\",\"url\":\"https:\\\/\\\/ekitermik.com\\\/es\\\/\",\"logo\":{\"@type\":\"ImageObject\",\"inLanguage\":\"es\",\"@id\":\"https:\\\/\\\/ekitermik.com\\\/es\\\/#\\\/schema\\\/logo\\\/image\\\/\",\"url\":\"https:\\\/\\\/staging.ekitermik.com\\\/wp-content\\\/uploads\\\/2026\\\/01\\\/ekitermik-logotipoa.png\",\"contentUrl\":\"https:\\\/\\\/staging.ekitermik.com\\\/wp-content\\\/uploads\\\/2026\\\/01\\\/ekitermik-logotipoa.png\",\"width\":653,\"height\":140,\"caption\":\"Ekitermik\"},\"image\":{\"@id\":\"https:\\\/\\\/ekitermik.com\\\/es\\\/#\\\/schema\\\/logo\\\/image\\\/\"}},{\"@type\":\"Person\",\"@id\":\"https:\\\/\\\/ekitermik.com\\\/es\\\/#\\\/schema\\\/person\\\/b8477a3969d1941eefcb280ed42d38d8\",\"name\":\"admin\",\"image\":{\"@type\":\"ImageObject\",\"inLanguage\":\"es\",\"@id\":\"https:\\\/\\\/secure.gravatar.com\\\/avatar\\\/7da1e9d315d6efc7e0daf5dae6dde9c239689755c4db272cf13fb54e310a24e2?s=96&d=mm&r=g\",\"url\":\"https:\\\/\\\/secure.gravatar.com\\\/avatar\\\/7da1e9d315d6efc7e0daf5dae6dde9c239689755c4db272cf13fb54e310a24e2?s=96&d=mm&r=g\",\"contentUrl\":\"https:\\\/\\\/secure.gravatar.com\\\/avatar\\\/7da1e9d315d6efc7e0daf5dae6dde9c239689755c4db272cf13fb54e310a24e2?s=96&d=mm&r=g\",\"caption\":\"admin\"},\"sameAs\":[\"https:\\\/\\\/staging.ekitermik.com\"],\"url\":\"https:\\\/\\\/ekitermik.com\\\/es\\\/author\\\/admin\\\/\"}]}<\/script>\n<!-- \/ Yoast SEO plugin. -->","yoast_head_json":{"title":"EL GOBIERNO VASCO APRUEBA LA LEY DE TRANSICI\u00d3N ENERG\u00c9TICA Y CAMBIO CLIMATICO ANTE LA EMERGENCIA CLIM\u00c1TICA - Ekitermik","robots":{"index":"index","follow":"follow","max-snippet":"max-snippet:-1","max-image-preview":"max-image-preview:large","max-video-preview":"max-video-preview:-1"},"canonical":"https:\/\/ekitermik.com\/es\/2024\/10\/14\/el-gobierno-vasco-aprueba-la-ley-de-transicion-energetica-y-cambio-climatico-ante-la-emergencia-climatica\/","og_locale":"es_ES","og_type":"article","og_title":"EL GOBIERNO VASCO APRUEBA LA LEY DE TRANSICI\u00d3N ENERG\u00c9TICA Y CAMBIO CLIMATICO ANTE LA EMERGENCIA CLIM\u00c1TICA - Ekitermik","og_description":"El Gobierno Vasco acaba de aprobar la Ley de Transici\u00f3n energ\u00e9tica y Cambio Clim\u00e1tico para hacer frente a la emergencia clim\u00e1tica, cuyo objetivo es que en 2050 las emisiones de...","og_url":"https:\/\/ekitermik.com\/es\/2024\/10\/14\/el-gobierno-vasco-aprueba-la-ley-de-transicion-energetica-y-cambio-climatico-ante-la-emergencia-climatica\/","og_site_name":"Ekitermik","article_published_time":"2024-10-14T06:54:52+00:00","og_image":[{"width":671,"height":517,"url":"https:\/\/ekitermik.com\/wp-content\/uploads\/2024\/10\/Captura-de-pantalla-2024-10-10-091816.png","type":"image\/png"}],"author":"admin","twitter_card":"summary_large_image","twitter_misc":{"Escrito por":"admin","Tiempo de lectura":"2 minutos"},"schema":{"@context":"https:\/\/schema.org","@graph":[{"@type":"Article","@id":"https:\/\/ekitermik.com\/es\/2024\/10\/14\/el-gobierno-vasco-aprueba-la-ley-de-transicion-energetica-y-cambio-climatico-ante-la-emergencia-climatica\/#article","isPartOf":{"@id":"https:\/\/ekitermik.com\/es\/2024\/10\/14\/el-gobierno-vasco-aprueba-la-ley-de-transicion-energetica-y-cambio-climatico-ante-la-emergencia-climatica\/"},"author":{"name":"admin","@id":"https:\/\/ekitermik.com\/es\/#\/schema\/person\/b8477a3969d1941eefcb280ed42d38d8"},"headline":"EL GOBIERNO VASCO APRUEBA LA LEY DE TRANSICI\u00d3N ENERG\u00c9TICA Y CAMBIO CLIMATICO ANTE LA EMERGENCIA CLIM\u00c1TICA","datePublished":"2024-10-14T06:54:52+00:00","mainEntityOfPage":{"@id":"https:\/\/ekitermik.com\/es\/2024\/10\/14\/el-gobierno-vasco-aprueba-la-ley-de-transicion-energetica-y-cambio-climatico-ante-la-emergencia-climatica\/"},"wordCount":341,"publisher":{"@id":"https:\/\/ekitermik.com\/es\/#organization"},"image":{"@id":"https:\/\/ekitermik.com\/es\/2024\/10\/14\/el-gobierno-vasco-aprueba-la-ley-de-transicion-energetica-y-cambio-climatico-ante-la-emergencia-climatica\/#primaryimage"},"thumbnailUrl":"https:\/\/ekitermik.com\/wp-content\/uploads\/2024\/10\/Captura-de-pantalla-2024-10-10-091816.png","articleSection":["Ekitermik"],"inLanguage":"es"},{"@type":"WebPage","@id":"https:\/\/ekitermik.com\/es\/2024\/10\/14\/el-gobierno-vasco-aprueba-la-ley-de-transicion-energetica-y-cambio-climatico-ante-la-emergencia-climatica\/","url":"https:\/\/ekitermik.com\/es\/2024\/10\/14\/el-gobierno-vasco-aprueba-la-ley-de-transicion-energetica-y-cambio-climatico-ante-la-emergencia-climatica\/","name":"EL GOBIERNO VASCO APRUEBA LA LEY DE TRANSICI\u00d3N ENERG\u00c9TICA Y CAMBIO CLIMATICO ANTE LA EMERGENCIA CLIM\u00c1TICA - Ekitermik","isPartOf":{"@id":"https:\/\/ekitermik.com\/es\/#website"},"primaryImageOfPage":{"@id":"https:\/\/ekitermik.com\/es\/2024\/10\/14\/el-gobierno-vasco-aprueba-la-ley-de-transicion-energetica-y-cambio-climatico-ante-la-emergencia-climatica\/#primaryimage"},"image":{"@id":"https:\/\/ekitermik.com\/es\/2024\/10\/14\/el-gobierno-vasco-aprueba-la-ley-de-transicion-energetica-y-cambio-climatico-ante-la-emergencia-climatica\/#primaryimage"},"thumbnailUrl":"https:\/\/ekitermik.com\/wp-content\/uploads\/2024\/10\/Captura-de-pantalla-2024-10-10-091816.png","datePublished":"2024-10-14T06:54:52+00:00","breadcrumb":{"@id":"https:\/\/ekitermik.com\/es\/2024\/10\/14\/el-gobierno-vasco-aprueba-la-ley-de-transicion-energetica-y-cambio-climatico-ante-la-emergencia-climatica\/#breadcrumb"},"inLanguage":"es","potentialAction":[{"@type":"ReadAction","target":["https:\/\/ekitermik.com\/es\/2024\/10\/14\/el-gobierno-vasco-aprueba-la-ley-de-transicion-energetica-y-cambio-climatico-ante-la-emergencia-climatica\/"]}]},{"@type":"ImageObject","inLanguage":"es","@id":"https:\/\/ekitermik.com\/es\/2024\/10\/14\/el-gobierno-vasco-aprueba-la-ley-de-transicion-energetica-y-cambio-climatico-ante-la-emergencia-climatica\/#primaryimage","url":"https:\/\/ekitermik.com\/wp-content\/uploads\/2024\/10\/Captura-de-pantalla-2024-10-10-091816.png","contentUrl":"https:\/\/ekitermik.com\/wp-content\/uploads\/2024\/10\/Captura-de-pantalla-2024-10-10-091816.png","width":671,"height":517},{"@type":"BreadcrumbList","@id":"https:\/\/ekitermik.com\/es\/2024\/10\/14\/el-gobierno-vasco-aprueba-la-ley-de-transicion-energetica-y-cambio-climatico-ante-la-emergencia-climatica\/#breadcrumb","itemListElement":[{"@type":"ListItem","position":1,"name":"Portada","item":"https:\/\/ekitermik.com\/es\/"},{"@type":"ListItem","position":2,"name":"EL GOBIERNO VASCO APRUEBA LA LEY DE TRANSICI\u00d3N ENERG\u00c9TICA Y CAMBIO CLIMATICO ANTE LA EMERGENCIA CLIM\u00c1TICA"}]},{"@type":"WebSite","@id":"https:\/\/ekitermik.com\/es\/#website","url":"https:\/\/ekitermik.com\/es\/","name":"Ekitermik","description":"Ekitermik analiza energ\u00e9ticamente la vivienda y propone las mejores soluciones para ahorrar energ\u00eda. Soluciones Integrales de Gesti\u00f3n y Ahorro Energ\u00e9tico.","publisher":{"@id":"https:\/\/ekitermik.com\/es\/#organization"},"potentialAction":[{"@type":"SearchAction","target":{"@type":"EntryPoint","urlTemplate":"https:\/\/ekitermik.com\/es\/?s={search_term_string}"},"query-input":{"@type":"PropertyValueSpecification","valueRequired":true,"valueName":"search_term_string"}}],"inLanguage":"es"},{"@type":"Organization","@id":"https:\/\/ekitermik.com\/es\/#organization","name":"Ekitermik","url":"https:\/\/ekitermik.com\/es\/","logo":{"@type":"ImageObject","inLanguage":"es","@id":"https:\/\/ekitermik.com\/es\/#\/schema\/logo\/image\/","url":"https:\/\/staging.ekitermik.com\/wp-content\/uploads\/2026\/01\/ekitermik-logotipoa.png","contentUrl":"https:\/\/staging.ekitermik.com\/wp-content\/uploads\/2026\/01\/ekitermik-logotipoa.png","width":653,"height":140,"caption":"Ekitermik"},"image":{"@id":"https:\/\/ekitermik.com\/es\/#\/schema\/logo\/image\/"}},{"@type":"Person","@id":"https:\/\/ekitermik.com\/es\/#\/schema\/person\/b8477a3969d1941eefcb280ed42d38d8","name":"admin","image":{"@type":"ImageObject","inLanguage":"es","@id":"https:\/\/secure.gravatar.com\/avatar\/7da1e9d315d6efc7e0daf5dae6dde9c239689755c4db272cf13fb54e310a24e2?s=96&d=mm&r=g","url":"https:\/\/secure.gravatar.com\/avatar\/7da1e9d315d6efc7e0daf5dae6dde9c239689755c4db272cf13fb54e310a24e2?s=96&d=mm&r=g","contentUrl":"https:\/\/secure.gravatar.com\/avatar\/7da1e9d315d6efc7e0daf5dae6dde9c239689755c4db272cf13fb54e310a24e2?s=96&d=mm&r=g","caption":"admin"},"sameAs":["https:\/\/staging.ekitermik.com"],"url":"https:\/\/ekitermik.com\/es\/author\/admin\/"}]}},"_links":{"self":[{"href":"https:\/\/ekitermik.com\/es\/wp-json\/wp\/v2\/posts\/4125","targetHints":{"allow":["GET"]}}],"collection":[{"href":"https:\/\/ekitermik.com\/es\/wp-json\/wp\/v2\/posts"}],"about":[{"href":"https:\/\/ekitermik.com\/es\/wp-json\/wp\/v2\/types\/post"}],"author":[{"embeddable":true,"href":"https:\/\/ekitermik.com\/es\/wp-json\/wp\/v2\/users\/1"}],"replies":[{"embeddable":true,"href":"https:\/\/ekitermik.com\/es\/wp-json\/wp\/v2\/comments?post=4125"}],"version-history":[{"count":0,"href":"https:\/\/ekitermik.com\/es\/wp-json\/wp\/v2\/posts\/4125\/revisions"}],"wp:featuredmedia":[{"embeddable":true,"href":"https:\/\/ekitermik.com\/es\/wp-json\/wp\/v2\/media\/4110"}],"wp:attachment":[{"href":"https:\/\/ekitermik.com\/es\/wp-json\/wp\/v2\/media?parent=4125"}],"wp:term":[{"taxonomy":"category","embeddable":true,"href":"https:\/\/ekitermik.com\/es\/wp-json\/wp\/v2\/categories?post=4125"},{"taxonomy":"post_tag","embeddable":true,"href":"https:\/\/ekitermik.com\/es\/wp-json\/wp\/v2\/tags?post=4125"}],"curies":[{"name":"wp","href":"https:\/\/api.w.org\/{rel}","templated":true}]}}