{"id":4109,"date":"2024-10-10T07:20:37","date_gmt":"2024-10-10T07:20:37","guid":{"rendered":"https:\/\/ekitermik.com\/?p=4109"},"modified":"2024-10-10T07:20:37","modified_gmt":"2024-10-10T07:20:37","slug":"eusko-jaurlaritzak-klima-larrialdiari-aurre-egiteko-trantsizio-energetikoaren-eta-klima-aldaketaren-legea-onartu-du","status":"publish","type":"post","link":"https:\/\/ekitermik.com\/es\/2024\/10\/10\/eusko-jaurlaritzak-klima-larrialdiari-aurre-egiteko-trantsizio-energetikoaren-eta-klima-aldaketaren-legea-onartu-du\/","title":{"rendered":"EUSKO JAURLARITZAK KLIMA LARRIALDIARI AURRE EGITEKO TRANTSIZIO ENERGETIKOAREN ETA KLIMA ALDAKETAREN LEGEA ONARTU DU"},"content":{"rendered":"[av_textblock size=\u00bb av-medium-font-size=\u00bb av-small-font-size=\u00bb av-mini-font-size=\u00bb font_color=\u00bb color=\u00bb av-desktop-hide=\u00bb av-medium-hide=\u00bb av-small-hide=\u00bb av-mini-hide=\u00bb id=\u00bb custom_class=\u00bb template_class=\u00bb av_uid=\u00bb sc_version=&#8217;1.0&#8242;]\nEusko Jaurlaritzak klima larrialdiari aurre egiteko Trantsizio Energetikoaren eta Klima Aldaketaren Legea onartu berri du, helburua 2050ean karbono emisioak zero izatea duelarik. Trantsizio bide honetan, Debagoiena iada hasi da lanean eta horren berri eman du PUNTUA aldizkariak.<\/p>\n<p>Klima aldaketa geroz eta nabarmenagoa da eta gure ekoizpen ereduaren s\u00edntoma nagusia da. Euskal Herria herrialde garatua eta industriala da, eta horrek badu ordain bat. Euskaldunon CO2 isuriak oso handiak dira gainontzeko herritarrekin alderatuz (zehazki, Debagoienean 8,53 tona CO2 urteko\/biztalenko).<\/p>\n<p>Kontsumo eredu honen kalteez jakitunik, lege berriak iritsi dira ekintza planekin. Hala eta guztiz ere, badira hainbat proiektu lehenagotik martxan direla.<\/p>\n<p>Guzti honetan, Ekitermiketik ekitaldietako karbono aztarna neurtzen dihardugu. Xabier Lizaurren hitzetan, \u00abUrtean zehar bai enpresa mailan eta baita bestelako elkarte eta eragileek antolatzen dituzten ekitaldietan zer-nolako karbono aztarna sortzen den jakitea da helburua, eta ondoren datu horiek antolatzaileen esku utzi, aurrerago etorriko diren ekitaldiei begira neurri berriak har ditzaten. Modu berean, ekitaldira bertaratu den lagunari ere esan geniezaioke zer-nolako aztarna sortu duen ekitaldi horretara joatearren: zerbitzu publikoan bertaratu bada, autoz, oinez&#8230; Hala, proiektu honek harreman zuzena du Trantsizio Legearekin, lege horrek 250 langile baino gehiagoko enpresak derrigortu egiten dituelako euren karbono aztarna zein den aztertzera, eta egitasmo hau lagungarria izan daiteke eurendako\u00bb<\/p>\n<p>Helburu nagusia kontzientziazioan datza. Horrelako karbono aztarnen azterketa baten emaitzak jaso, kontziente izan gaur egungo kontsumoaz eta ekintza planak diseinatu emisioak murrizteko<\/p>\n[\/av_textblock]\n[av_image src=&apos;https:\/\/staging.ekitermik.com\/wp-content\/uploads\/2024\/10\/Captura-de-pantalla-2024-10-10-091816-1-300&#215;231.png&apos; attachment=&apos;4115&apos; attachment_size=&apos;medium&apos; copyright=&apos;&apos; caption=&apos;&apos; styling=&apos;&apos; align=&apos;center&apos; font_size=&apos;&apos; overlay_opacity=&apos;0.4&apos; overlay_color=&apos;#000000&apos; overlay_text_color=&apos;#ffffff&apos; animation=&apos;no-animation&apos; hover=&apos;&apos; appearance=&apos;&apos; link=&apos;&apos; target=&apos;&apos; title_attr=&apos;&apos; alt_attr=&apos;&apos; lazy_loading=&apos;disabled&apos; id=&apos;&apos; custom_class=&apos;&apos; template_class=&apos;&apos; av_element_hidden_in_editor=&apos;0&apos; av_uid=&apos;av-m22zaryf&apos; sc_version=&apos;1.0&apos; admin_preview_bg=&apos;&apos;][\/av_image]\n","protected":false},"excerpt":{"rendered":"[av_textblock size='' av-medium-font-size='' av-small-font-size='' av-mini-font-size='' font_color='' color='' av-desktop-hide='' av-medium-hide='' av-small-hide='' av-mini-hide='' id='' custom_class='' template_class='' av_uid='' sc_version='1.0'] Eusko Jaurlaritzak klima larrialdiari aurre egiteko Trantsizio Energetikoaren eta Klima Aldaketaren Legea onartu berri...","protected":false},"author":1,"featured_media":4110,"comment_status":"closed","ping_status":"closed","sticky":true,"template":"","format":"standard","meta":{"footnotes":""},"categories":[6],"tags":[],"class_list":{"0":"post-4109","1":"post","2":"type-post","3":"status-publish","4":"format-standard","5":"has-post-thumbnail","7":"category-ekitermik-es"},"yoast_head":"<!-- This site is optimized with the Yoast SEO plugin v27.5 - https:\/\/yoast.com\/product\/yoast-seo-wordpress\/ -->\n<title>EUSKO JAURLARITZAK KLIMA LARRIALDIARI AURRE EGITEKO TRANTSIZIO ENERGETIKOAREN ETA KLIMA ALDAKETAREN LEGEA ONARTU DU - Ekitermik<\/title>\n<meta name=\"robots\" content=\"index, follow, max-snippet:-1, max-image-preview:large, max-video-preview:-1\" \/>\n<link rel=\"canonical\" href=\"https:\/\/ekitermik.com\/es\/2024\/10\/10\/eusko-jaurlaritzak-klima-larrialdiari-aurre-egiteko-trantsizio-energetikoaren-eta-klima-aldaketaren-legea-onartu-du\/\" \/>\n<meta property=\"og:locale\" content=\"es_ES\" \/>\n<meta property=\"og:type\" content=\"article\" \/>\n<meta property=\"og:title\" content=\"EUSKO JAURLARITZAK KLIMA LARRIALDIARI AURRE EGITEKO TRANTSIZIO ENERGETIKOAREN ETA KLIMA ALDAKETAREN LEGEA ONARTU DU - Ekitermik\" \/>\n<meta property=\"og:url\" content=\"https:\/\/ekitermik.com\/es\/2024\/10\/10\/eusko-jaurlaritzak-klima-larrialdiari-aurre-egiteko-trantsizio-energetikoaren-eta-klima-aldaketaren-legea-onartu-du\/\" \/>\n<meta property=\"og:site_name\" content=\"Ekitermik\" \/>\n<meta property=\"article:published_time\" content=\"2024-10-10T07:20:37+00:00\" \/>\n<meta property=\"og:image\" content=\"https:\/\/ekitermik.com\/wp-content\/uploads\/2024\/10\/Captura-de-pantalla-2024-10-10-091816.png\" \/>\n\t<meta property=\"og:image:width\" content=\"671\" \/>\n\t<meta property=\"og:image:height\" content=\"517\" \/>\n\t<meta property=\"og:image:type\" content=\"image\/png\" \/>\n<meta name=\"author\" content=\"admin\" \/>\n<meta name=\"twitter:card\" content=\"summary_large_image\" \/>\n<meta name=\"twitter:label1\" content=\"Escrito por\" \/>\n\t<meta name=\"twitter:data1\" content=\"admin\" \/>\n\t<meta name=\"twitter:label2\" content=\"Tiempo de lectura\" \/>\n\t<meta name=\"twitter:data2\" content=\"2 minutos\" \/>\n<script type=\"application\/ld+json\" class=\"yoast-schema-graph\">{\"@context\":\"https:\\\/\\\/schema.org\",\"@graph\":[{\"@type\":\"Article\",\"@id\":\"https:\\\/\\\/ekitermik.com\\\/es\\\/2024\\\/10\\\/10\\\/eusko-jaurlaritzak-klima-larrialdiari-aurre-egiteko-trantsizio-energetikoaren-eta-klima-aldaketaren-legea-onartu-du\\\/#article\",\"isPartOf\":{\"@id\":\"https:\\\/\\\/ekitermik.com\\\/es\\\/2024\\\/10\\\/10\\\/eusko-jaurlaritzak-klima-larrialdiari-aurre-egiteko-trantsizio-energetikoaren-eta-klima-aldaketaren-legea-onartu-du\\\/\"},\"author\":{\"name\":\"admin\",\"@id\":\"https:\\\/\\\/ekitermik.com\\\/es\\\/#\\\/schema\\\/person\\\/b8477a3969d1941eefcb280ed42d38d8\"},\"headline\":\"EUSKO JAURLARITZAK KLIMA LARRIALDIARI AURRE EGITEKO TRANTSIZIO ENERGETIKOAREN ETA KLIMA ALDAKETAREN LEGEA ONARTU DU\",\"datePublished\":\"2024-10-10T07:20:37+00:00\",\"mainEntityOfPage\":{\"@id\":\"https:\\\/\\\/ekitermik.com\\\/es\\\/2024\\\/10\\\/10\\\/eusko-jaurlaritzak-klima-larrialdiari-aurre-egiteko-trantsizio-energetikoaren-eta-klima-aldaketaren-legea-onartu-du\\\/\"},\"wordCount\":382,\"publisher\":{\"@id\":\"https:\\\/\\\/ekitermik.com\\\/es\\\/#organization\"},\"image\":{\"@id\":\"https:\\\/\\\/ekitermik.com\\\/es\\\/2024\\\/10\\\/10\\\/eusko-jaurlaritzak-klima-larrialdiari-aurre-egiteko-trantsizio-energetikoaren-eta-klima-aldaketaren-legea-onartu-du\\\/#primaryimage\"},\"thumbnailUrl\":\"https:\\\/\\\/ekitermik.com\\\/wp-content\\\/uploads\\\/2024\\\/10\\\/Captura-de-pantalla-2024-10-10-091816.png\",\"articleSection\":[\"Ekitermik\"],\"inLanguage\":\"es\"},{\"@type\":\"WebPage\",\"@id\":\"https:\\\/\\\/ekitermik.com\\\/es\\\/2024\\\/10\\\/10\\\/eusko-jaurlaritzak-klima-larrialdiari-aurre-egiteko-trantsizio-energetikoaren-eta-klima-aldaketaren-legea-onartu-du\\\/\",\"url\":\"https:\\\/\\\/ekitermik.com\\\/es\\\/2024\\\/10\\\/10\\\/eusko-jaurlaritzak-klima-larrialdiari-aurre-egiteko-trantsizio-energetikoaren-eta-klima-aldaketaren-legea-onartu-du\\\/\",\"name\":\"EUSKO JAURLARITZAK KLIMA LARRIALDIARI AURRE EGITEKO TRANTSIZIO ENERGETIKOAREN ETA KLIMA ALDAKETAREN LEGEA ONARTU DU - Ekitermik\",\"isPartOf\":{\"@id\":\"https:\\\/\\\/ekitermik.com\\\/es\\\/#website\"},\"primaryImageOfPage\":{\"@id\":\"https:\\\/\\\/ekitermik.com\\\/es\\\/2024\\\/10\\\/10\\\/eusko-jaurlaritzak-klima-larrialdiari-aurre-egiteko-trantsizio-energetikoaren-eta-klima-aldaketaren-legea-onartu-du\\\/#primaryimage\"},\"image\":{\"@id\":\"https:\\\/\\\/ekitermik.com\\\/es\\\/2024\\\/10\\\/10\\\/eusko-jaurlaritzak-klima-larrialdiari-aurre-egiteko-trantsizio-energetikoaren-eta-klima-aldaketaren-legea-onartu-du\\\/#primaryimage\"},\"thumbnailUrl\":\"https:\\\/\\\/ekitermik.com\\\/wp-content\\\/uploads\\\/2024\\\/10\\\/Captura-de-pantalla-2024-10-10-091816.png\",\"datePublished\":\"2024-10-10T07:20:37+00:00\",\"breadcrumb\":{\"@id\":\"https:\\\/\\\/ekitermik.com\\\/es\\\/2024\\\/10\\\/10\\\/eusko-jaurlaritzak-klima-larrialdiari-aurre-egiteko-trantsizio-energetikoaren-eta-klima-aldaketaren-legea-onartu-du\\\/#breadcrumb\"},\"inLanguage\":\"es\",\"potentialAction\":[{\"@type\":\"ReadAction\",\"target\":[\"https:\\\/\\\/ekitermik.com\\\/es\\\/2024\\\/10\\\/10\\\/eusko-jaurlaritzak-klima-larrialdiari-aurre-egiteko-trantsizio-energetikoaren-eta-klima-aldaketaren-legea-onartu-du\\\/\"]}]},{\"@type\":\"ImageObject\",\"inLanguage\":\"es\",\"@id\":\"https:\\\/\\\/ekitermik.com\\\/es\\\/2024\\\/10\\\/10\\\/eusko-jaurlaritzak-klima-larrialdiari-aurre-egiteko-trantsizio-energetikoaren-eta-klima-aldaketaren-legea-onartu-du\\\/#primaryimage\",\"url\":\"https:\\\/\\\/ekitermik.com\\\/wp-content\\\/uploads\\\/2024\\\/10\\\/Captura-de-pantalla-2024-10-10-091816.png\",\"contentUrl\":\"https:\\\/\\\/ekitermik.com\\\/wp-content\\\/uploads\\\/2024\\\/10\\\/Captura-de-pantalla-2024-10-10-091816.png\",\"width\":671,\"height\":517},{\"@type\":\"BreadcrumbList\",\"@id\":\"https:\\\/\\\/ekitermik.com\\\/es\\\/2024\\\/10\\\/10\\\/eusko-jaurlaritzak-klima-larrialdiari-aurre-egiteko-trantsizio-energetikoaren-eta-klima-aldaketaren-legea-onartu-du\\\/#breadcrumb\",\"itemListElement\":[{\"@type\":\"ListItem\",\"position\":1,\"name\":\"Portada\",\"item\":\"https:\\\/\\\/ekitermik.com\\\/es\\\/\"},{\"@type\":\"ListItem\",\"position\":2,\"name\":\"EUSKO JAURLARITZAK KLIMA LARRIALDIARI AURRE EGITEKO TRANTSIZIO ENERGETIKOAREN ETA KLIMA ALDAKETAREN LEGEA ONARTU DU\"}]},{\"@type\":\"WebSite\",\"@id\":\"https:\\\/\\\/ekitermik.com\\\/es\\\/#website\",\"url\":\"https:\\\/\\\/ekitermik.com\\\/es\\\/\",\"name\":\"Ekitermik\",\"description\":\"Ekitermik analiza energ\u00e9ticamente la vivienda y propone las mejores soluciones para ahorrar energ\u00eda. Soluciones Integrales de Gesti\u00f3n y Ahorro Energ\u00e9tico.\",\"publisher\":{\"@id\":\"https:\\\/\\\/ekitermik.com\\\/es\\\/#organization\"},\"potentialAction\":[{\"@type\":\"SearchAction\",\"target\":{\"@type\":\"EntryPoint\",\"urlTemplate\":\"https:\\\/\\\/ekitermik.com\\\/es\\\/?s={search_term_string}\"},\"query-input\":{\"@type\":\"PropertyValueSpecification\",\"valueRequired\":true,\"valueName\":\"search_term_string\"}}],\"inLanguage\":\"es\"},{\"@type\":\"Organization\",\"@id\":\"https:\\\/\\\/ekitermik.com\\\/es\\\/#organization\",\"name\":\"Ekitermik\",\"url\":\"https:\\\/\\\/ekitermik.com\\\/es\\\/\",\"logo\":{\"@type\":\"ImageObject\",\"inLanguage\":\"es\",\"@id\":\"https:\\\/\\\/ekitermik.com\\\/es\\\/#\\\/schema\\\/logo\\\/image\\\/\",\"url\":\"https:\\\/\\\/staging.ekitermik.com\\\/wp-content\\\/uploads\\\/2026\\\/01\\\/ekitermik-logotipoa.png\",\"contentUrl\":\"https:\\\/\\\/staging.ekitermik.com\\\/wp-content\\\/uploads\\\/2026\\\/01\\\/ekitermik-logotipoa.png\",\"width\":653,\"height\":140,\"caption\":\"Ekitermik\"},\"image\":{\"@id\":\"https:\\\/\\\/ekitermik.com\\\/es\\\/#\\\/schema\\\/logo\\\/image\\\/\"}},{\"@type\":\"Person\",\"@id\":\"https:\\\/\\\/ekitermik.com\\\/es\\\/#\\\/schema\\\/person\\\/b8477a3969d1941eefcb280ed42d38d8\",\"name\":\"admin\",\"image\":{\"@type\":\"ImageObject\",\"inLanguage\":\"es\",\"@id\":\"https:\\\/\\\/secure.gravatar.com\\\/avatar\\\/7da1e9d315d6efc7e0daf5dae6dde9c239689755c4db272cf13fb54e310a24e2?s=96&d=mm&r=g\",\"url\":\"https:\\\/\\\/secure.gravatar.com\\\/avatar\\\/7da1e9d315d6efc7e0daf5dae6dde9c239689755c4db272cf13fb54e310a24e2?s=96&d=mm&r=g\",\"contentUrl\":\"https:\\\/\\\/secure.gravatar.com\\\/avatar\\\/7da1e9d315d6efc7e0daf5dae6dde9c239689755c4db272cf13fb54e310a24e2?s=96&d=mm&r=g\",\"caption\":\"admin\"},\"sameAs\":[\"https:\\\/\\\/staging.ekitermik.com\"],\"url\":\"https:\\\/\\\/ekitermik.com\\\/es\\\/author\\\/admin\\\/\"}]}<\/script>\n<!-- \/ Yoast SEO plugin. -->","yoast_head_json":{"title":"EUSKO JAURLARITZAK KLIMA LARRIALDIARI AURRE EGITEKO TRANTSIZIO ENERGETIKOAREN ETA KLIMA ALDAKETAREN LEGEA ONARTU DU - Ekitermik","robots":{"index":"index","follow":"follow","max-snippet":"max-snippet:-1","max-image-preview":"max-image-preview:large","max-video-preview":"max-video-preview:-1"},"canonical":"https:\/\/ekitermik.com\/es\/2024\/10\/10\/eusko-jaurlaritzak-klima-larrialdiari-aurre-egiteko-trantsizio-energetikoaren-eta-klima-aldaketaren-legea-onartu-du\/","og_locale":"es_ES","og_type":"article","og_title":"EUSKO JAURLARITZAK KLIMA LARRIALDIARI AURRE EGITEKO TRANTSIZIO ENERGETIKOAREN ETA KLIMA ALDAKETAREN LEGEA ONARTU DU - Ekitermik","og_url":"https:\/\/ekitermik.com\/es\/2024\/10\/10\/eusko-jaurlaritzak-klima-larrialdiari-aurre-egiteko-trantsizio-energetikoaren-eta-klima-aldaketaren-legea-onartu-du\/","og_site_name":"Ekitermik","article_published_time":"2024-10-10T07:20:37+00:00","og_image":[{"width":671,"height":517,"url":"https:\/\/ekitermik.com\/wp-content\/uploads\/2024\/10\/Captura-de-pantalla-2024-10-10-091816.png","type":"image\/png"}],"author":"admin","twitter_card":"summary_large_image","twitter_misc":{"Escrito por":"admin","Tiempo de lectura":"2 minutos"},"schema":{"@context":"https:\/\/schema.org","@graph":[{"@type":"Article","@id":"https:\/\/ekitermik.com\/es\/2024\/10\/10\/eusko-jaurlaritzak-klima-larrialdiari-aurre-egiteko-trantsizio-energetikoaren-eta-klima-aldaketaren-legea-onartu-du\/#article","isPartOf":{"@id":"https:\/\/ekitermik.com\/es\/2024\/10\/10\/eusko-jaurlaritzak-klima-larrialdiari-aurre-egiteko-trantsizio-energetikoaren-eta-klima-aldaketaren-legea-onartu-du\/"},"author":{"name":"admin","@id":"https:\/\/ekitermik.com\/es\/#\/schema\/person\/b8477a3969d1941eefcb280ed42d38d8"},"headline":"EUSKO JAURLARITZAK KLIMA LARRIALDIARI AURRE EGITEKO TRANTSIZIO ENERGETIKOAREN ETA KLIMA ALDAKETAREN LEGEA ONARTU DU","datePublished":"2024-10-10T07:20:37+00:00","mainEntityOfPage":{"@id":"https:\/\/ekitermik.com\/es\/2024\/10\/10\/eusko-jaurlaritzak-klima-larrialdiari-aurre-egiteko-trantsizio-energetikoaren-eta-klima-aldaketaren-legea-onartu-du\/"},"wordCount":382,"publisher":{"@id":"https:\/\/ekitermik.com\/es\/#organization"},"image":{"@id":"https:\/\/ekitermik.com\/es\/2024\/10\/10\/eusko-jaurlaritzak-klima-larrialdiari-aurre-egiteko-trantsizio-energetikoaren-eta-klima-aldaketaren-legea-onartu-du\/#primaryimage"},"thumbnailUrl":"https:\/\/ekitermik.com\/wp-content\/uploads\/2024\/10\/Captura-de-pantalla-2024-10-10-091816.png","articleSection":["Ekitermik"],"inLanguage":"es"},{"@type":"WebPage","@id":"https:\/\/ekitermik.com\/es\/2024\/10\/10\/eusko-jaurlaritzak-klima-larrialdiari-aurre-egiteko-trantsizio-energetikoaren-eta-klima-aldaketaren-legea-onartu-du\/","url":"https:\/\/ekitermik.com\/es\/2024\/10\/10\/eusko-jaurlaritzak-klima-larrialdiari-aurre-egiteko-trantsizio-energetikoaren-eta-klima-aldaketaren-legea-onartu-du\/","name":"EUSKO JAURLARITZAK KLIMA LARRIALDIARI AURRE EGITEKO TRANTSIZIO ENERGETIKOAREN ETA KLIMA ALDAKETAREN LEGEA ONARTU DU - Ekitermik","isPartOf":{"@id":"https:\/\/ekitermik.com\/es\/#website"},"primaryImageOfPage":{"@id":"https:\/\/ekitermik.com\/es\/2024\/10\/10\/eusko-jaurlaritzak-klima-larrialdiari-aurre-egiteko-trantsizio-energetikoaren-eta-klima-aldaketaren-legea-onartu-du\/#primaryimage"},"image":{"@id":"https:\/\/ekitermik.com\/es\/2024\/10\/10\/eusko-jaurlaritzak-klima-larrialdiari-aurre-egiteko-trantsizio-energetikoaren-eta-klima-aldaketaren-legea-onartu-du\/#primaryimage"},"thumbnailUrl":"https:\/\/ekitermik.com\/wp-content\/uploads\/2024\/10\/Captura-de-pantalla-2024-10-10-091816.png","datePublished":"2024-10-10T07:20:37+00:00","breadcrumb":{"@id":"https:\/\/ekitermik.com\/es\/2024\/10\/10\/eusko-jaurlaritzak-klima-larrialdiari-aurre-egiteko-trantsizio-energetikoaren-eta-klima-aldaketaren-legea-onartu-du\/#breadcrumb"},"inLanguage":"es","potentialAction":[{"@type":"ReadAction","target":["https:\/\/ekitermik.com\/es\/2024\/10\/10\/eusko-jaurlaritzak-klima-larrialdiari-aurre-egiteko-trantsizio-energetikoaren-eta-klima-aldaketaren-legea-onartu-du\/"]}]},{"@type":"ImageObject","inLanguage":"es","@id":"https:\/\/ekitermik.com\/es\/2024\/10\/10\/eusko-jaurlaritzak-klima-larrialdiari-aurre-egiteko-trantsizio-energetikoaren-eta-klima-aldaketaren-legea-onartu-du\/#primaryimage","url":"https:\/\/ekitermik.com\/wp-content\/uploads\/2024\/10\/Captura-de-pantalla-2024-10-10-091816.png","contentUrl":"https:\/\/ekitermik.com\/wp-content\/uploads\/2024\/10\/Captura-de-pantalla-2024-10-10-091816.png","width":671,"height":517},{"@type":"BreadcrumbList","@id":"https:\/\/ekitermik.com\/es\/2024\/10\/10\/eusko-jaurlaritzak-klima-larrialdiari-aurre-egiteko-trantsizio-energetikoaren-eta-klima-aldaketaren-legea-onartu-du\/#breadcrumb","itemListElement":[{"@type":"ListItem","position":1,"name":"Portada","item":"https:\/\/ekitermik.com\/es\/"},{"@type":"ListItem","position":2,"name":"EUSKO JAURLARITZAK KLIMA LARRIALDIARI AURRE EGITEKO TRANTSIZIO ENERGETIKOAREN ETA KLIMA ALDAKETAREN LEGEA ONARTU DU"}]},{"@type":"WebSite","@id":"https:\/\/ekitermik.com\/es\/#website","url":"https:\/\/ekitermik.com\/es\/","name":"Ekitermik","description":"Ekitermik analiza energ\u00e9ticamente la vivienda y propone las mejores soluciones para ahorrar energ\u00eda. Soluciones Integrales de Gesti\u00f3n y Ahorro Energ\u00e9tico.","publisher":{"@id":"https:\/\/ekitermik.com\/es\/#organization"},"potentialAction":[{"@type":"SearchAction","target":{"@type":"EntryPoint","urlTemplate":"https:\/\/ekitermik.com\/es\/?s={search_term_string}"},"query-input":{"@type":"PropertyValueSpecification","valueRequired":true,"valueName":"search_term_string"}}],"inLanguage":"es"},{"@type":"Organization","@id":"https:\/\/ekitermik.com\/es\/#organization","name":"Ekitermik","url":"https:\/\/ekitermik.com\/es\/","logo":{"@type":"ImageObject","inLanguage":"es","@id":"https:\/\/ekitermik.com\/es\/#\/schema\/logo\/image\/","url":"https:\/\/staging.ekitermik.com\/wp-content\/uploads\/2026\/01\/ekitermik-logotipoa.png","contentUrl":"https:\/\/staging.ekitermik.com\/wp-content\/uploads\/2026\/01\/ekitermik-logotipoa.png","width":653,"height":140,"caption":"Ekitermik"},"image":{"@id":"https:\/\/ekitermik.com\/es\/#\/schema\/logo\/image\/"}},{"@type":"Person","@id":"https:\/\/ekitermik.com\/es\/#\/schema\/person\/b8477a3969d1941eefcb280ed42d38d8","name":"admin","image":{"@type":"ImageObject","inLanguage":"es","@id":"https:\/\/secure.gravatar.com\/avatar\/7da1e9d315d6efc7e0daf5dae6dde9c239689755c4db272cf13fb54e310a24e2?s=96&d=mm&r=g","url":"https:\/\/secure.gravatar.com\/avatar\/7da1e9d315d6efc7e0daf5dae6dde9c239689755c4db272cf13fb54e310a24e2?s=96&d=mm&r=g","contentUrl":"https:\/\/secure.gravatar.com\/avatar\/7da1e9d315d6efc7e0daf5dae6dde9c239689755c4db272cf13fb54e310a24e2?s=96&d=mm&r=g","caption":"admin"},"sameAs":["https:\/\/staging.ekitermik.com"],"url":"https:\/\/ekitermik.com\/es\/author\/admin\/"}]}},"_links":{"self":[{"href":"https:\/\/ekitermik.com\/es\/wp-json\/wp\/v2\/posts\/4109","targetHints":{"allow":["GET"]}}],"collection":[{"href":"https:\/\/ekitermik.com\/es\/wp-json\/wp\/v2\/posts"}],"about":[{"href":"https:\/\/ekitermik.com\/es\/wp-json\/wp\/v2\/types\/post"}],"author":[{"embeddable":true,"href":"https:\/\/ekitermik.com\/es\/wp-json\/wp\/v2\/users\/1"}],"replies":[{"embeddable":true,"href":"https:\/\/ekitermik.com\/es\/wp-json\/wp\/v2\/comments?post=4109"}],"version-history":[{"count":0,"href":"https:\/\/ekitermik.com\/es\/wp-json\/wp\/v2\/posts\/4109\/revisions"}],"wp:featuredmedia":[{"embeddable":true,"href":"https:\/\/ekitermik.com\/es\/wp-json\/wp\/v2\/media\/4110"}],"wp:attachment":[{"href":"https:\/\/ekitermik.com\/es\/wp-json\/wp\/v2\/media?parent=4109"}],"wp:term":[{"taxonomy":"category","embeddable":true,"href":"https:\/\/ekitermik.com\/es\/wp-json\/wp\/v2\/categories?post=4109"},{"taxonomy":"post_tag","embeddable":true,"href":"https:\/\/ekitermik.com\/es\/wp-json\/wp\/v2\/tags?post=4109"}],"curies":[{"name":"wp","href":"https:\/\/api.w.org\/{rel}","templated":true}]}}